{"id":10180,"date":"2025-01-07T10:24:19","date_gmt":"2025-01-07T09:24:19","guid":{"rendered":"https:\/\/www.foodmagazine.ma\/?p=10180"},"modified":"2025-01-07T10:24:19","modified_gmt":"2025-01-07T09:24:19","slug":"le-forum-du-stagiaire-de-la-formation-professionnelle-agricole-un-tremplin-pour-la-nouvelle-generation-dagriculteurs","status":"publish","type":"post","link":"https:\/\/www.foodmagazine.ma\/?p=10180","title":{"rendered":"Le Forum du Stagiaire de la Formation Professionnelle Agricole : un tremplin pour la nouvelle g\u00e9n\u00e9ration d\u2019agriculteurs"},"content":{"rendered":"\n<figure class=\"wp-block-image size-full\"><img loading=\"lazy\" decoding=\"async\" width=\"1000\" height=\"666\" src=\"https:\/\/www.foodmagazine.ma\/wp-content\/uploads\/2025\/01\/WhatsApp-Image-2024-12-26-at-17.29.46.jpg\" alt=\"\" class=\"wp-image-10181\" srcset=\"https:\/\/www.foodmagazine.ma\/wp-content\/uploads\/2025\/01\/WhatsApp-Image-2024-12-26-at-17.29.46.jpg 1000w, https:\/\/www.foodmagazine.ma\/wp-content\/uploads\/2025\/01\/WhatsApp-Image-2024-12-26-at-17.29.46-300x200.jpg 300w, https:\/\/www.foodmagazine.ma\/wp-content\/uploads\/2025\/01\/WhatsApp-Image-2024-12-26-at-17.29.46-768x511.jpg 768w, https:\/\/www.foodmagazine.ma\/wp-content\/uploads\/2025\/01\/WhatsApp-Image-2024-12-26-at-17.29.46-310x205.jpg 310w\" sizes=\"auto, (max-width: 1000px) 100vw, 1000px\" \/><\/figure>\n\n\n\n<p>Le jeudi 26 d\u00e9cembre, M. Ahmed El Bouari, ministre de l\u2019Agriculture, de la P\u00eache Maritime, du D\u00e9veloppement Rural et des Eaux et For\u00eats, a pr\u00e9sid\u00e9 la c\u00e9r\u00e9monie de cl\u00f4ture de la 8<sup>\u00e8me<\/sup>&nbsp;\u00e9dition du Forum du Stagiaire de la Formation Professionnelle Agricole qui s\u2019est tenue du 23 au 26 d\u00e9cembre 2024 \u00e0 l\u2019Institut Prince Sidi Mohamed de Techniciens Sp\u00e9cialis\u00e9s en Gestion et Commercialisation Agricole (IPSMGCA) de Mohammedia. Cet \u00e9v\u00e9nement vise \u00e0 promouvoir la formation professionnelle agricole, et s\u2019inscrit dans la dynamique de la strat\u00e9gie G\u00e9n\u00e9ration Green pour le d\u00e9veloppement humain. Y ont assist\u00e9 des responsables du minist\u00e8re, des professionnels et des acteurs du secteur.<\/p>\n\n\n\n<p>M. El Bouari a profit\u00e9 de cette occasion pour mettre en avant l&#8217;importance de ce Forum dans la valorisation de la formation professionnelle agricole. Il a rappel\u00e9 que la strat\u00e9gie G\u00e9n\u00e9ration Green vise \u00e0 former 140 000 laur\u00e9ats d&#8217;ici 2030, afin de fournir au march\u00e9 du travail des professionnels comp\u00e9tents et qualifi\u00e9s, capables de soutenir la modernisation du secteur agricole et de contribuer au d\u00e9veloppement socio-\u00e9conomique du pays.<\/p>\n\n\n\n<p>Apr\u00e8s la visite des stands, le ministre a assist\u00e9 \u00e0 la c\u00e9r\u00e9monie de remise des prix r\u00e9compensant les laur\u00e9ats des diverses comp\u00e9titions sportives et culturelles organis\u00e9es dans le cadre de cet \u00e9v\u00e9nement. Ces activit\u00e9s, telles que le football, le basketball, le cross, les \u00e9checs, le tennis de table et la p\u00e9tanque, sont pratiqu\u00e9es afin de permettre de mettre en valeur l\u2019esprit sportif et culturel des stagiaires, et de renforcer leur d\u00e9veloppement personnel et collectif.<\/p>\n\n\n\n<p>Ce Forum a offert un espace d\u2019\u00e9changes aux quelques 240 stagiaires de 57 \u00e9tablissements participants pour rencontrer des jeunes entrepreneurs et professionnels du secteur. Il a permis aux participants de d\u00e9couvrir les m\u00e9tiers agricoles et d&#8217;explorer diverses opportunit\u00e9s : \u00e9tudes, insertion professionnelle ou cr\u00e9ation d&#8217;entreprise.&nbsp;<\/p>\n","protected":false},"excerpt":{"rendered":"<p>Le jeudi 26 d\u00e9cembre, M. Ahmed El Bouari, ministre de l\u2019Agriculture, de la P\u00eache Maritime, du D\u00e9veloppement Rural et des Eaux et For\u00eats, a pr\u00e9sid\u00e9 la c\u00e9r\u00e9monie de cl\u00f4ture de la 8\u00e8me&nbsp;\u00e9dition du Forum du Stagiaire de la Formation Professionnelle Agricole qui s\u2019est tenue du 23 au 26 d\u00e9cembre 2024 \u00e0 l\u2019Institut Prince Sidi Mohamed &hellip;<\/p>\n","protected":false},"author":1,"featured_media":10181,"comment_status":"open","ping_status":"closed","sticky":false,"template":"","format":"standard","meta":{"footnotes":""},"categories":[6,2],"tags":[],"class_list":["post-10180","post","type-post","status-publish","format-standard","has-post-thumbnail","","category-a-la-une","category-actus-maroc"],"aioseo_notices":[],"_links":{"self":[{"href":"https:\/\/www.foodmagazine.ma\/index.php?rest_route=\/wp\/v2\/posts\/10180","targetHints":{"allow":["GET"]}}],"collection":[{"href":"https:\/\/www.foodmagazine.ma\/index.php?rest_route=\/wp\/v2\/posts"}],"about":[{"href":"https:\/\/www.foodmagazine.ma\/index.php?rest_route=\/wp\/v2\/types\/post"}],"author":[{"embeddable":true,"href":"https:\/\/www.foodmagazine.ma\/index.php?rest_route=\/wp\/v2\/users\/1"}],"replies":[{"embeddable":true,"href":"https:\/\/www.foodmagazine.ma\/index.php?rest_route=%2Fwp%2Fv2%2Fcomments&post=10180"}],"version-history":[{"count":1,"href":"https:\/\/www.foodmagazine.ma\/index.php?rest_route=\/wp\/v2\/posts\/10180\/revisions"}],"predecessor-version":[{"id":10182,"href":"https:\/\/www.foodmagazine.ma\/index.php?rest_route=\/wp\/v2\/posts\/10180\/revisions\/10182"}],"wp:featuredmedia":[{"embeddable":true,"href":"https:\/\/www.foodmagazine.ma\/index.php?rest_route=\/wp\/v2\/media\/10181"}],"wp:attachment":[{"href":"https:\/\/www.foodmagazine.ma\/index.php?rest_route=%2Fwp%2Fv2%2Fmedia&parent=10180"}],"wp:term":[{"taxonomy":"category","embeddable":true,"href":"https:\/\/www.foodmagazine.ma\/index.php?rest_route=%2Fwp%2Fv2%2Fcategories&post=10180"},{"taxonomy":"post_tag","embeddable":true,"href":"https:\/\/www.foodmagazine.ma\/index.php?rest_route=%2Fwp%2Fv2%2Ftags&post=10180"}],"curies":[{"name":"wp","href":"https:\/\/api.w.org\/{rel}","templated":true}]}}