{"id":10186,"date":"2025-01-07T10:26:08","date_gmt":"2025-01-07T09:26:08","guid":{"rendered":"https:\/\/www.foodmagazine.ma\/?p=10186"},"modified":"2025-01-07T10:26:09","modified_gmt":"2025-01-07T09:26:09","slug":"maroc-mauritanie-renforcement-des-relations-dans-le-secteur-de-la-peche-maritime","status":"publish","type":"post","link":"https:\/\/www.foodmagazine.ma\/?p=10186","title":{"rendered":"Maroc\u00a0&#8211; Mauritanie : renforcement des relations dans le secteur de la p\u00eache maritime"},"content":{"rendered":"\n<figure class=\"wp-block-image size-full\"><img loading=\"lazy\" decoding=\"async\" width=\"1000\" height=\"666\" src=\"https:\/\/www.foodmagazine.ma\/wp-content\/uploads\/2025\/01\/1735582955444.jpg\" alt=\"\" class=\"wp-image-10187\" srcset=\"https:\/\/www.foodmagazine.ma\/wp-content\/uploads\/2025\/01\/1735582955444.jpg 1000w, https:\/\/www.foodmagazine.ma\/wp-content\/uploads\/2025\/01\/1735582955444-300x200.jpg 300w, https:\/\/www.foodmagazine.ma\/wp-content\/uploads\/2025\/01\/1735582955444-768x511.jpg 768w, https:\/\/www.foodmagazine.ma\/wp-content\/uploads\/2025\/01\/1735582955444-310x205.jpg 310w\" sizes=\"auto, (max-width: 1000px) 100vw, 1000px\" \/><\/figure>\n\n\n\n<p>Madame Zakia Driouich, secr\u00e9taire d&#8217;\u00c9tat aupr\u00e8s du ministre de l&#8217;Agriculture, de la P\u00eache Maritime, du D\u00e9veloppement Rural, des Eaux et des For\u00eats, charg\u00e9e de la P\u00eache Maritime, a accueilli le 30 d\u00e9cembre 2024 \u00e0 Rabat, M. Ahmed Ould Bahyeh, ambassadeur de la R\u00e9publique Islamique de Mauritanie. Lors de cette rencontre, Mme Driouich a soulign\u00e9 l&#8217;importance de renforcer la coop\u00e9ration bilat\u00e9rale entre le Maroc et la Mauritanie dans le domaine de la p\u00eache maritime, sous la direction de Sa Majest\u00e9 le Roi Mohammed VI et du Pr\u00e9sident mauritanien M. Mohamed Ould Cheikh El Ghazouani, afin de dynamiser la collaboration dans tous les secteurs li\u00e9s \u00e0 la p\u00eache.<\/p>\n\n\n\n<p>Les deux parties ont salu\u00e9 la qualit\u00e9 des relations bilat\u00e9rales et l&#8217;importance historique du secteur de la p\u00eache maritime, rappelant que le premier accord de p\u00eache entre les deux pays a \u00e9t\u00e9 sign\u00e9 en 2000.<\/p>\n\n\n\n<p>Lors de cette rencontre, faisant suite \u00e0 la visite du Pr\u00e9sident mauritanien M. Mohamed Ould Cheikh El Ghazouani \u00e0 S.M. le Roi Mohammed VI, les discussions ont port\u00e9 sur la formation maritime, la recherche scientifique, l&#8217;aquaculture, la gestion des p\u00eacheries, la lutte contre la p\u00eache ill\u00e9gale, le sauvetage maritime, l&#8217;\u00e9change d&#8217;expertises, ainsi que l&#8217;accueil des \u00e9tudiants mauritaniens dans des \u00e9tablissements sp\u00e9cialis\u00e9s en p\u00eache maritime et le renforcement des liens \u00e9conomiques.<\/p>\n\n\n\n<p>Un accord a \u00e9t\u00e9 conclu pour acc\u00e9l\u00e9rer la coop\u00e9ration dans le domaine de la p\u00eache maritime en renfor\u00e7ant la collaboration entre les minist\u00e8res des deux pays, dans le cadre de l&#8217;accord de coop\u00e9ration sign\u00e9 le 11 mars 2022. Les deux parties ont \u00e9galement envisag\u00e9 de tenir prochainement une r\u00e9union de la commission sectorielle mixte et la Mauritanie a \u00e9t\u00e9 invit\u00e9e \u00e0 participer \u00e0 la 7<sup>\u00e8me<\/sup>&nbsp;\u00e9dition du salon Halieutis, pr\u00e9vue en f\u00e9vrier 2025.<\/p>\n\n\n\n<p>Mme Driouich et M. Mohamed Ould Cheikh El Ghazouani ont discut\u00e9 de la mise en place de m\u00e9canismes de gestion conjointe pour des enjeux communs, tels que la gestion des p\u00eacheries de petits poissons p\u00e9lagiques et la d\u00e9finition des p\u00e9riodes de repos biologique. L&#8217;objectif est de pr\u00e9server les ressources halieutiques et d&#8217;assurer un impact positif sur les acteurs des deux pays, face aux d\u00e9fis environnementaux et climatiques affectant les p\u00eacheries.<\/p>\n","protected":false},"excerpt":{"rendered":"<p>Madame Zakia Driouich, secr\u00e9taire d&#8217;\u00c9tat aupr\u00e8s du ministre de l&#8217;Agriculture, de la P\u00eache Maritime, du D\u00e9veloppement Rural, des Eaux et des For\u00eats, charg\u00e9e de la P\u00eache Maritime, a accueilli le 30 d\u00e9cembre 2024 \u00e0 Rabat, M. Ahmed Ould Bahyeh, ambassadeur de la R\u00e9publique Islamique de Mauritanie. Lors de cette rencontre, Mme Driouich a soulign\u00e9 l&#8217;importance &hellip;<\/p>\n","protected":false},"author":1,"featured_media":10187,"comment_status":"open","ping_status":"closed","sticky":false,"template":"","format":"standard","meta":{"footnotes":""},"categories":[6,2],"tags":[],"class_list":["post-10186","post","type-post","status-publish","format-standard","has-post-thumbnail","","category-a-la-une","category-actus-maroc"],"aioseo_notices":[],"_links":{"self":[{"href":"https:\/\/www.foodmagazine.ma\/index.php?rest_route=\/wp\/v2\/posts\/10186","targetHints":{"allow":["GET"]}}],"collection":[{"href":"https:\/\/www.foodmagazine.ma\/index.php?rest_route=\/wp\/v2\/posts"}],"about":[{"href":"https:\/\/www.foodmagazine.ma\/index.php?rest_route=\/wp\/v2\/types\/post"}],"author":[{"embeddable":true,"href":"https:\/\/www.foodmagazine.ma\/index.php?rest_route=\/wp\/v2\/users\/1"}],"replies":[{"embeddable":true,"href":"https:\/\/www.foodmagazine.ma\/index.php?rest_route=%2Fwp%2Fv2%2Fcomments&post=10186"}],"version-history":[{"count":1,"href":"https:\/\/www.foodmagazine.ma\/index.php?rest_route=\/wp\/v2\/posts\/10186\/revisions"}],"predecessor-version":[{"id":10188,"href":"https:\/\/www.foodmagazine.ma\/index.php?rest_route=\/wp\/v2\/posts\/10186\/revisions\/10188"}],"wp:featuredmedia":[{"embeddable":true,"href":"https:\/\/www.foodmagazine.ma\/index.php?rest_route=\/wp\/v2\/media\/10187"}],"wp:attachment":[{"href":"https:\/\/www.foodmagazine.ma\/index.php?rest_route=%2Fwp%2Fv2%2Fmedia&parent=10186"}],"wp:term":[{"taxonomy":"category","embeddable":true,"href":"https:\/\/www.foodmagazine.ma\/index.php?rest_route=%2Fwp%2Fv2%2Fcategories&post=10186"},{"taxonomy":"post_tag","embeddable":true,"href":"https:\/\/www.foodmagazine.ma\/index.php?rest_route=%2Fwp%2Fv2%2Ftags&post=10186"}],"curies":[{"name":"wp","href":"https:\/\/api.w.org\/{rel}","templated":true}]}}