{"id":10304,"date":"2025-01-21T12:11:27","date_gmt":"2025-01-21T11:11:27","guid":{"rendered":"https:\/\/www.foodmagazine.ma\/?p=10304"},"modified":"2025-01-21T12:11:28","modified_gmt":"2025-01-21T11:11:28","slug":"gcam-et-centrale-danone-un-partenariat-pour-ameliorer-la-resilience-et-la-productivite-des-eleveurs","status":"publish","type":"post","link":"https:\/\/www.foodmagazine.ma\/?p=10304","title":{"rendered":"GCAM et Centrale Danone : Un partenariat pour am\u00e9liorer la r\u00e9silience et la productivit\u00e9 des \u00e9leveurs"},"content":{"rendered":"\n<figure class=\"wp-block-image size-full\"><img loading=\"lazy\" decoding=\"async\" width=\"1000\" height=\"628\" src=\"https:\/\/www.foodmagazine.ma\/wp-content\/uploads\/2025\/01\/Logo_CD.jpg\" alt=\"\" class=\"wp-image-10305\" srcset=\"https:\/\/www.foodmagazine.ma\/wp-content\/uploads\/2025\/01\/Logo_CD.jpg 1000w, https:\/\/www.foodmagazine.ma\/wp-content\/uploads\/2025\/01\/Logo_CD-300x188.jpg 300w, https:\/\/www.foodmagazine.ma\/wp-content\/uploads\/2025\/01\/Logo_CD-768x482.jpg 768w\" sizes=\"auto, (max-width: 1000px) 100vw, 1000px\" \/><\/figure>\n\n\n\n<p>Dans le cadre de leur partenariat sign\u00e9 en 2024, le Groupe Cr\u00e9dit Agricole du Maroc (GCAM) et Centrale Danone ont annonc\u00e9 le 15 janvier 2025, le lancement des premi\u00e8res journ\u00e9es de formation sur l&#8217;\u00e9ducation financi\u00e8re des \u00e9leveurs et de leurs familles. Ce programme, con\u00e7u par le Centre des \u00c9tudes et de Recherche du Cr\u00e9dit Agricole du Maroc (CERCAM), vise \u00e0 renforcer les comp\u00e9tences financi\u00e8res et techniques des producteurs locaux. Les formations commenceront en 2025 et seront organis\u00e9es lors de journ\u00e9es d\u00e9di\u00e9es aux producteurs, y compris les \u00e9leveurs du programme Hlib Bladi de Centrale Danone, qui accompagne 10 000 petits \u00e9leveurs.<\/p>\n\n\n\n<p>La convention entre le GCAM et Centrale Danone repose sur deux axes strat\u00e9giques principaux. Le premier consiste \u00e0 offrir aux \u00e9leveurs et \u00e0 leurs familles une \u00e9ducation financi\u00e8re de base, afin de leur fournir les connaissances n\u00e9cessaires en gestion financi\u00e8re pour favoriser leur autonomie \u00e9conomique et leur r\u00e9silience. Le second axe vise \u00e0 proposer des formations sur les outils de gestion de l\u2019\u00e9levage laitier, permettant aux \u00e9leveurs d\u2019am\u00e9liorer la productivit\u00e9 et la durabilit\u00e9 de leurs exploitations gr\u00e2ce \u00e0 des pratiques modernes et adapt\u00e9es.<\/p>\n\n\n\n<p>M. Ali Benmokhtar, directeur central charg\u00e9 du centre d\u2019\u00e9tudes et de recherches du CAM, Groupe Cr\u00e9dit Agricole du Maroc, a d\u00e9clar\u00e9 : \u00ab&nbsp;<em>Ce partenariat est une avanc\u00e9e majeure pour renforcer l\u2019int\u00e9gration financi\u00e8re des \u00e9leveurs dans les zones rurales. Ces formations contribuent directement \u00e0 am\u00e9liorer leur qualit\u00e9 de vie tout en assurant la p\u00e9rennit\u00e9 de leurs activit\u00e9s<\/em>. \u00bb<\/p>\n\n\n\n<p>M. Anass El Ayachi, directeur de l\u2019Amont Laitier au sein de Centrale Danone, a ajout\u00e9 : \u00ab&nbsp;<em>Nous sommes engag\u00e9s aupr\u00e8s des \u00e9leveurs et de leurs familles pour les accompagner dans leur d\u00e9veloppement technique et financier. Ces initiatives traduisent notre ambition de contribuer activement au d\u00e9veloppement durable et inclusif du secteur agricole marocain<\/em>. \u00bb<\/p>\n\n\n\n<p>Ce partenariat refl\u00e8te l&#8217;engagement du GCAM et de Centrale Danone en faveur d&#8217;un mod\u00e8le \u00e9conomique durable, visant \u00e0 soutenir les producteurs et leurs familles.<\/p>\n","protected":false},"excerpt":{"rendered":"<p>Dans le cadre de leur partenariat sign\u00e9 en 2024, le Groupe Cr\u00e9dit Agricole du Maroc (GCAM) et Centrale Danone ont annonc\u00e9 le 15 janvier 2025, le lancement des premi\u00e8res journ\u00e9es de formation sur l&#8217;\u00e9ducation financi\u00e8re des \u00e9leveurs et de leurs familles. Ce programme, con\u00e7u par le Centre des \u00c9tudes et de Recherche du Cr\u00e9dit Agricole &hellip;<\/p>\n","protected":false},"author":1,"featured_media":10305,"comment_status":"open","ping_status":"closed","sticky":false,"template":"","format":"standard","meta":{"footnotes":""},"categories":[6,2],"tags":[],"class_list":["post-10304","post","type-post","status-publish","format-standard","has-post-thumbnail","","category-a-la-une","category-actus-maroc"],"aioseo_notices":[],"_links":{"self":[{"href":"https:\/\/www.foodmagazine.ma\/index.php?rest_route=\/wp\/v2\/posts\/10304","targetHints":{"allow":["GET"]}}],"collection":[{"href":"https:\/\/www.foodmagazine.ma\/index.php?rest_route=\/wp\/v2\/posts"}],"about":[{"href":"https:\/\/www.foodmagazine.ma\/index.php?rest_route=\/wp\/v2\/types\/post"}],"author":[{"embeddable":true,"href":"https:\/\/www.foodmagazine.ma\/index.php?rest_route=\/wp\/v2\/users\/1"}],"replies":[{"embeddable":true,"href":"https:\/\/www.foodmagazine.ma\/index.php?rest_route=%2Fwp%2Fv2%2Fcomments&post=10304"}],"version-history":[{"count":1,"href":"https:\/\/www.foodmagazine.ma\/index.php?rest_route=\/wp\/v2\/posts\/10304\/revisions"}],"predecessor-version":[{"id":10306,"href":"https:\/\/www.foodmagazine.ma\/index.php?rest_route=\/wp\/v2\/posts\/10304\/revisions\/10306"}],"wp:featuredmedia":[{"embeddable":true,"href":"https:\/\/www.foodmagazine.ma\/index.php?rest_route=\/wp\/v2\/media\/10305"}],"wp:attachment":[{"href":"https:\/\/www.foodmagazine.ma\/index.php?rest_route=%2Fwp%2Fv2%2Fmedia&parent=10304"}],"wp:term":[{"taxonomy":"category","embeddable":true,"href":"https:\/\/www.foodmagazine.ma\/index.php?rest_route=%2Fwp%2Fv2%2Fcategories&post=10304"},{"taxonomy":"post_tag","embeddable":true,"href":"https:\/\/www.foodmagazine.ma\/index.php?rest_route=%2Fwp%2Fv2%2Ftags&post=10304"}],"curies":[{"name":"wp","href":"https:\/\/api.w.org\/{rel}","templated":true}]}}