{"id":10336,"date":"2025-01-28T12:39:24","date_gmt":"2025-01-28T11:39:24","guid":{"rendered":"https:\/\/www.foodmagazine.ma\/?p=10336"},"modified":"2025-01-28T12:39:25","modified_gmt":"2025-01-28T11:39:25","slug":"le-maroc-a-lhorizon-2025-retour-sur-le-webinaire-de-la-chambre-de-commerce-britannique","status":"publish","type":"post","link":"https:\/\/www.foodmagazine.ma\/?p=10336","title":{"rendered":"Le Maroc \u00e0 l\u2019horizon 2025 : retour sur le webinaire de la Chambre de Commerce Britannique\u00a0"},"content":{"rendered":"\n<figure class=\"wp-block-image size-full\"><img loading=\"lazy\" decoding=\"async\" width=\"1000\" height=\"667\" src=\"https:\/\/www.foodmagazine.ma\/wp-content\/uploads\/2025\/01\/474077440_1144353001033975_4598193532512954076_n.png\" alt=\"\" class=\"wp-image-10337\" srcset=\"https:\/\/www.foodmagazine.ma\/wp-content\/uploads\/2025\/01\/474077440_1144353001033975_4598193532512954076_n.png 1000w, https:\/\/www.foodmagazine.ma\/wp-content\/uploads\/2025\/01\/474077440_1144353001033975_4598193532512954076_n-300x200.png 300w, https:\/\/www.foodmagazine.ma\/wp-content\/uploads\/2025\/01\/474077440_1144353001033975_4598193532512954076_n-768x512.png 768w\" sizes=\"auto, (max-width: 1000px) 100vw, 1000px\" \/><\/figure>\n\n\n\n<p>La Chambre de Commerce Britannique au Maroc a organis\u00e9 le 23 janvier 2025, un webinaire intitul\u00e9 &#8220;Maroc : Strat\u00e9gie de Croissance \u00e0 l&#8217;Horizon 2025&#8221;. Cet \u00e9v\u00e9nement a r\u00e9uni quatre experts pour discuter des d\u00e9fis \u00e9conomiques, sociaux et environnementaux du pays. Ils ont partag\u00e9 des perspectives et des recommandations sur les moyens de parvenir \u00e0 une croissance durable et inclusive d&#8217;ici 2025. Le webinaire, retransmis en direct sur le site de la Chambre et sur Youtube, a attir\u00e9 une centaine de participants, incluant des membres de la Chambre, des repr\u00e9sentants du secteur public et des entreprises priv\u00e9es.<\/p>\n\n\n\n<p>M. Ayache Khellaf, Secr\u00e9taire G\u00e9n\u00e9ral du Haut-Commissariat au Plan (HCP), a pr\u00e9sent\u00e9 les perspectives \u00e9conomiques du Maroc \u00e0 l\u2019horizon 2025, pr\u00e9voyant une croissance de 2,5 %, soutenue par la demande mondiale et la baisse des prix des mati\u00e8res premi\u00e8res. \u00c0 l\u2019\u00e9chelle nationale, la croissance devrait atteindre 3,8 %, avec des secteurs comme l\u2019agriculture (4,2 %), l\u2019industrie (3,7 %) et le tourisme (3,5 %). Il a soulign\u00e9 l\u2019importance de r\u00e9duire les in\u00e9galit\u00e9s r\u00e9gionales en orientant les investissements vers les zones d\u00e9favoris\u00e9es et de cr\u00e9er des emplois pour les jeunes gr\u00e2ce \u00e0 une diversification \u00e9conomique et des investissements dans des secteurs \u00e0 fort potentiel.<\/p>\n\n\n\n<p>M. Lahcen Oulhaj, membre du Conseil \u00c9conomique, Social et Environnemental (CESE), a recommand\u00e9 une croissance annuelle de 7 \u00e0 8 % pour combler le retard \u00e9conomique du Maroc, en se concentrant sur cinq leviers : l\u2019\u00e9conomie verte, l\u2019\u00e9conomie bleue, l\u2019investissement dans le capital humain, l\u2019innovation, et la gouvernance. Il a \u00e9voqu\u00e9 des secteurs cl\u00e9s comme l\u2019automobile, les \u00e9nergies renouvelables et les technologies num\u00e9riques. Il a aussi soulign\u00e9 l&#8217;opportunit\u00e9 du Mondial 2030 pour moderniser les infrastructures et acc\u00e9l\u00e9rer les r\u00e9formes \u00e9ducatives, tout en insistant sur une gestion responsable des infrastructures apr\u00e8s l\u2019\u00e9v\u00e9nement. Enfin, il a recommand\u00e9 d\u2019int\u00e9grer les enjeux climatiques dans les politiques publiques.<\/p>\n\n\n\n<p>Gr\u00e2ce \u00e0 des intervenants de calibre, ce webinaire a permis de d\u00e9finir les leviers cl\u00e9s pour relever les d\u00e9fis actuels du Maroc et b\u00e2tir un avenir \u00e9conomique prosp\u00e8re et inclusif d&#8217;ici 2025.<\/p>\n","protected":false},"excerpt":{"rendered":"<p>La Chambre de Commerce Britannique au Maroc a organis\u00e9 le 23 janvier 2025, un webinaire intitul\u00e9 &#8220;Maroc : Strat\u00e9gie de Croissance \u00e0 l&#8217;Horizon 2025&#8221;. Cet \u00e9v\u00e9nement a r\u00e9uni quatre experts pour discuter des d\u00e9fis \u00e9conomiques, sociaux et environnementaux du pays. Ils ont partag\u00e9 des perspectives et des recommandations sur les moyens de parvenir \u00e0 une &hellip;<\/p>\n","protected":false},"author":1,"featured_media":10337,"comment_status":"open","ping_status":"closed","sticky":false,"template":"","format":"standard","meta":{"footnotes":""},"categories":[6,2],"tags":[],"class_list":["post-10336","post","type-post","status-publish","format-standard","has-post-thumbnail","","category-a-la-une","category-actus-maroc"],"aioseo_notices":[],"_links":{"self":[{"href":"https:\/\/www.foodmagazine.ma\/index.php?rest_route=\/wp\/v2\/posts\/10336","targetHints":{"allow":["GET"]}}],"collection":[{"href":"https:\/\/www.foodmagazine.ma\/index.php?rest_route=\/wp\/v2\/posts"}],"about":[{"href":"https:\/\/www.foodmagazine.ma\/index.php?rest_route=\/wp\/v2\/types\/post"}],"author":[{"embeddable":true,"href":"https:\/\/www.foodmagazine.ma\/index.php?rest_route=\/wp\/v2\/users\/1"}],"replies":[{"embeddable":true,"href":"https:\/\/www.foodmagazine.ma\/index.php?rest_route=%2Fwp%2Fv2%2Fcomments&post=10336"}],"version-history":[{"count":1,"href":"https:\/\/www.foodmagazine.ma\/index.php?rest_route=\/wp\/v2\/posts\/10336\/revisions"}],"predecessor-version":[{"id":10338,"href":"https:\/\/www.foodmagazine.ma\/index.php?rest_route=\/wp\/v2\/posts\/10336\/revisions\/10338"}],"wp:featuredmedia":[{"embeddable":true,"href":"https:\/\/www.foodmagazine.ma\/index.php?rest_route=\/wp\/v2\/media\/10337"}],"wp:attachment":[{"href":"https:\/\/www.foodmagazine.ma\/index.php?rest_route=%2Fwp%2Fv2%2Fmedia&parent=10336"}],"wp:term":[{"taxonomy":"category","embeddable":true,"href":"https:\/\/www.foodmagazine.ma\/index.php?rest_route=%2Fwp%2Fv2%2Fcategories&post=10336"},{"taxonomy":"post_tag","embeddable":true,"href":"https:\/\/www.foodmagazine.ma\/index.php?rest_route=%2Fwp%2Fv2%2Ftags&post=10336"}],"curies":[{"name":"wp","href":"https:\/\/api.w.org\/{rel}","templated":true}]}}