{"id":10339,"date":"2025-01-28T12:42:54","date_gmt":"2025-01-28T11:42:54","guid":{"rendered":"https:\/\/www.foodmagazine.ma\/?p=10339"},"modified":"2025-01-28T12:42:55","modified_gmt":"2025-01-28T11:42:55","slug":"atacadao-en-france-un-succes-recompense-par-le-trophee-lsa-de-linnovation-2024","status":"publish","type":"post","link":"https:\/\/www.foodmagazine.ma\/?p=10339","title":{"rendered":"Atacad\u00e3o en France : un succ\u00e8s r\u00e9compens\u00e9 par le Troph\u00e9e LSA de l&#8217;Innovation 2024"},"content":{"rendered":"\n<figure class=\"wp-block-image size-full\"><img loading=\"lazy\" decoding=\"async\" width=\"1000\" height=\"540\" src=\"https:\/\/www.foodmagazine.ma\/wp-content\/uploads\/2025\/01\/PHOTO.jpg\" alt=\"\" class=\"wp-image-10340\" srcset=\"https:\/\/www.foodmagazine.ma\/wp-content\/uploads\/2025\/01\/PHOTO.jpg 1000w, https:\/\/www.foodmagazine.ma\/wp-content\/uploads\/2025\/01\/PHOTO-300x162.jpg 300w, https:\/\/www.foodmagazine.ma\/wp-content\/uploads\/2025\/01\/PHOTO-768x415.jpg 768w\" sizes=\"auto, (max-width: 1000px) 100vw, 1000px\" \/><\/figure>\n\n\n\n<p>Le premier magasin Atacad\u00e3o en France, lanc\u00e9 par le Groupe LabelVie en partenariat avec Carrefour \u00e0 Aulnay-sous-Bois, a remport\u00e9 le Troph\u00e9e LSA de l&#8217;Innovation 2024 dans la cat\u00e9gorie &#8220;Concepts Distribution \u2013 Magasins alimentaires&#8221;. Ce prix, d\u00e9cern\u00e9 \u00e0 Paris par un jury de professionnels, r\u00e9compense les meilleures innovations dans le secteur de la grande consommation.<\/p>\n\n\n\n<p>Cette distinction reconna\u00eet l&#8217;expertise marocaine dans la grande distribution, mettant en valeur le r\u00f4le strat\u00e9gique du Groupe LabelVie dans le succ\u00e8s du concept Atacad\u00e3o en France. Fort de son exp\u00e9rience au Maroc avec 19 magasins, LabelVie a adapt\u00e9 son mod\u00e8le &#8220;cash &amp; carry&#8221; \u00e0 la sp\u00e9cificit\u00e9 du march\u00e9 fran\u00e7ais. Le magasin d&#8217;Aulnay-sous-Bois offre une gamme mixte de produits essentiels, avec des prix d\u00e9gressifs pour les achats en gros et un engagement en faveur des produits locaux et durables.<\/p>\n\n\n\n<p>Le succ\u00e8s du premier Atacad\u00e3o en France t\u00e9moigne de la strat\u00e9gie commune de Carrefour et LabelVie, qui vise \u00e0 r\u00e9pondre aux d\u00e9fis actuels du pouvoir d&#8217;achat en proposant des solutions concr\u00e8tes.<\/p>\n\n\n\n<p>Brahim Lemseffer, CEO de Atacadao Aulnay Sous Bois a d\u00e9clar\u00e9&nbsp;: \u00ab&nbsp;<em>Cette distinction est une immense fiert\u00e9 pour le Groupe LabelVie. Elle illustre la capacit\u00e9 de nos \u00e9quipes \u00e0 relever les d\u00e9fis internationaux tout en restant fid\u00e8les \u00e0 nos valeurs : offrir des produits de qualit\u00e9 \u00e0 des prix comp\u00e9titifs et promouvoir un commerce durable<\/em>.&nbsp;\u00bb<\/p>\n","protected":false},"excerpt":{"rendered":"<p>Le premier magasin Atacad\u00e3o en France, lanc\u00e9 par le Groupe LabelVie en partenariat avec Carrefour \u00e0 Aulnay-sous-Bois, a remport\u00e9 le Troph\u00e9e LSA de l&#8217;Innovation 2024 dans la cat\u00e9gorie &#8220;Concepts Distribution \u2013 Magasins alimentaires&#8221;. Ce prix, d\u00e9cern\u00e9 \u00e0 Paris par un jury de professionnels, r\u00e9compense les meilleures innovations dans le secteur de la grande consommation. Cette &hellip;<\/p>\n","protected":false},"author":1,"featured_media":10340,"comment_status":"open","ping_status":"closed","sticky":false,"template":"","format":"standard","meta":{"footnotes":""},"categories":[6,3],"tags":[],"class_list":["post-10339","post","type-post","status-publish","format-standard","has-post-thumbnail","","category-a-la-une","category-actus-monde"],"aioseo_notices":[],"_links":{"self":[{"href":"https:\/\/www.foodmagazine.ma\/index.php?rest_route=\/wp\/v2\/posts\/10339","targetHints":{"allow":["GET"]}}],"collection":[{"href":"https:\/\/www.foodmagazine.ma\/index.php?rest_route=\/wp\/v2\/posts"}],"about":[{"href":"https:\/\/www.foodmagazine.ma\/index.php?rest_route=\/wp\/v2\/types\/post"}],"author":[{"embeddable":true,"href":"https:\/\/www.foodmagazine.ma\/index.php?rest_route=\/wp\/v2\/users\/1"}],"replies":[{"embeddable":true,"href":"https:\/\/www.foodmagazine.ma\/index.php?rest_route=%2Fwp%2Fv2%2Fcomments&post=10339"}],"version-history":[{"count":1,"href":"https:\/\/www.foodmagazine.ma\/index.php?rest_route=\/wp\/v2\/posts\/10339\/revisions"}],"predecessor-version":[{"id":10341,"href":"https:\/\/www.foodmagazine.ma\/index.php?rest_route=\/wp\/v2\/posts\/10339\/revisions\/10341"}],"wp:featuredmedia":[{"embeddable":true,"href":"https:\/\/www.foodmagazine.ma\/index.php?rest_route=\/wp\/v2\/media\/10340"}],"wp:attachment":[{"href":"https:\/\/www.foodmagazine.ma\/index.php?rest_route=%2Fwp%2Fv2%2Fmedia&parent=10339"}],"wp:term":[{"taxonomy":"category","embeddable":true,"href":"https:\/\/www.foodmagazine.ma\/index.php?rest_route=%2Fwp%2Fv2%2Fcategories&post=10339"},{"taxonomy":"post_tag","embeddable":true,"href":"https:\/\/www.foodmagazine.ma\/index.php?rest_route=%2Fwp%2Fv2%2Ftags&post=10339"}],"curies":[{"name":"wp","href":"https:\/\/api.w.org\/{rel}","templated":true}]}}