{"id":10356,"date":"2025-01-28T12:49:14","date_gmt":"2025-01-28T11:49:14","guid":{"rendered":"https:\/\/www.foodmagazine.ma\/?p=10356"},"modified":"2025-01-28T12:49:15","modified_gmt":"2025-01-28T11:49:15","slug":"fruit-logistica-morocco-foodex-exporte-lagriculture-marocaine-a-berlin","status":"publish","type":"post","link":"https:\/\/www.foodmagazine.ma\/?p=10356","title":{"rendered":"Fruit Logistica : Morocco Foodex exporte l\u2019agriculture marocaine \u00e0 Berlin"},"content":{"rendered":"\n<figure class=\"wp-block-image size-full\"><img loading=\"lazy\" decoding=\"async\" width=\"1000\" height=\"642\" src=\"https:\/\/www.foodmagazine.ma\/wp-content\/uploads\/2025\/01\/1737987401557.jpg\" alt=\"\" class=\"wp-image-10357\" srcset=\"https:\/\/www.foodmagazine.ma\/wp-content\/uploads\/2025\/01\/1737987401557.jpg 1000w, https:\/\/www.foodmagazine.ma\/wp-content\/uploads\/2025\/01\/1737987401557-300x193.jpg 300w, https:\/\/www.foodmagazine.ma\/wp-content\/uploads\/2025\/01\/1737987401557-768x493.jpg 768w\" sizes=\"auto, (max-width: 1000px) 100vw, 1000px\" \/><\/figure>\n\n\n\n<p>Le Maroc participera \u00e0 la 32<sup>\u00e8me<\/sup>&nbsp;\u00e9dition de Fruit Logistica, le salon international de r\u00e9f\u00e9rence d\u00e9di\u00e9 \u00e0 l\u2019industrie des fruits et l\u00e9gumes frais, qui se tiendra \u00e0 Berlin du 5 au 7 f\u00e9vrier 2025. Cet \u00e9v\u00e9nement majeur r\u00e9unira des exposants et acheteurs venus des quatre coins du monde, offrant une plateforme strat\u00e9gique pour les professionnels du secteur.<\/p>\n\n\n\n<p>Le pavillon marocain, mis en place par Morocco Foodex, mettra en avant les valeurs de durabilit\u00e9 et de qualit\u00e9, embl\u00e9matiques de l\u2019offre agricole du Royaume. \u00c0 travers cette participation, le Maroc vise \u00e0 renforcer ses partenariats commerciaux, et \u00e0 favoriser les \u00e9changes entre les exposants marocains et de potentiels acheteurs internationaux.<\/p>\n\n\n\n<p>Les visiteurs auront l\u2019opportunit\u00e9 de d\u00e9couvrir une vaste gamme de produits agricoles marocains, t\u00e9moins de la richesse et de la diversit\u00e9 des cultures locales. Install\u00e9 au Hall 22, le pavillon marocain offrira une vitrine exceptionnelle pour promouvoir l\u2019agriculture durable et valoriser le savoir-faire national sur la sc\u00e8ne internationale.<\/p>\n","protected":false},"excerpt":{"rendered":"<p>Le Maroc participera \u00e0 la 32\u00e8me&nbsp;\u00e9dition de Fruit Logistica, le salon international de r\u00e9f\u00e9rence d\u00e9di\u00e9 \u00e0 l\u2019industrie des fruits et l\u00e9gumes frais, qui se tiendra \u00e0 Berlin du 5 au 7 f\u00e9vrier 2025. Cet \u00e9v\u00e9nement majeur r\u00e9unira des exposants et acheteurs venus des quatre coins du monde, offrant une plateforme strat\u00e9gique pour les professionnels du &hellip;<\/p>\n","protected":false},"author":1,"featured_media":10357,"comment_status":"open","ping_status":"closed","sticky":false,"template":"","format":"standard","meta":{"footnotes":""},"categories":[6,2],"tags":[],"class_list":["post-10356","post","type-post","status-publish","format-standard","has-post-thumbnail","","category-a-la-une","category-actus-maroc"],"aioseo_notices":[],"_links":{"self":[{"href":"https:\/\/www.foodmagazine.ma\/index.php?rest_route=\/wp\/v2\/posts\/10356","targetHints":{"allow":["GET"]}}],"collection":[{"href":"https:\/\/www.foodmagazine.ma\/index.php?rest_route=\/wp\/v2\/posts"}],"about":[{"href":"https:\/\/www.foodmagazine.ma\/index.php?rest_route=\/wp\/v2\/types\/post"}],"author":[{"embeddable":true,"href":"https:\/\/www.foodmagazine.ma\/index.php?rest_route=\/wp\/v2\/users\/1"}],"replies":[{"embeddable":true,"href":"https:\/\/www.foodmagazine.ma\/index.php?rest_route=%2Fwp%2Fv2%2Fcomments&post=10356"}],"version-history":[{"count":1,"href":"https:\/\/www.foodmagazine.ma\/index.php?rest_route=\/wp\/v2\/posts\/10356\/revisions"}],"predecessor-version":[{"id":10358,"href":"https:\/\/www.foodmagazine.ma\/index.php?rest_route=\/wp\/v2\/posts\/10356\/revisions\/10358"}],"wp:featuredmedia":[{"embeddable":true,"href":"https:\/\/www.foodmagazine.ma\/index.php?rest_route=\/wp\/v2\/media\/10357"}],"wp:attachment":[{"href":"https:\/\/www.foodmagazine.ma\/index.php?rest_route=%2Fwp%2Fv2%2Fmedia&parent=10356"}],"wp:term":[{"taxonomy":"category","embeddable":true,"href":"https:\/\/www.foodmagazine.ma\/index.php?rest_route=%2Fwp%2Fv2%2Fcategories&post=10356"},{"taxonomy":"post_tag","embeddable":true,"href":"https:\/\/www.foodmagazine.ma\/index.php?rest_route=%2Fwp%2Fv2%2Ftags&post=10356"}],"curies":[{"name":"wp","href":"https:\/\/api.w.org\/{rel}","templated":true}]}}