{"id":10488,"date":"2025-02-18T12:53:04","date_gmt":"2025-02-18T11:53:04","guid":{"rendered":"https:\/\/www.foodmagazine.ma\/?p=10488"},"modified":"2025-02-18T12:53:05","modified_gmt":"2025-02-18T11:53:05","slug":"cooperation-suisse-maroc-172-millions-de-dirhams-pour-dynamiser-la-propriete-intellectuelle-au-maroc","status":"publish","type":"post","link":"https:\/\/www.foodmagazine.ma\/?p=10488","title":{"rendered":"Coop\u00e9ration Suisse-Maroc : 17,2 millions de dirhams pour dynamiser la propri\u00e9t\u00e9 intellectuelle au Maroc"},"content":{"rendered":"\n<figure class=\"wp-block-image size-full\"><img loading=\"lazy\" decoding=\"async\" width=\"1000\" height=\"667\" src=\"https:\/\/www.foodmagazine.ma\/wp-content\/uploads\/2025\/02\/cfd197e3-f6ef-4618-8507-ad74a510aac7.jpg\" alt=\"\" class=\"wp-image-10489\" srcset=\"https:\/\/www.foodmagazine.ma\/wp-content\/uploads\/2025\/02\/cfd197e3-f6ef-4618-8507-ad74a510aac7.jpg 1000w, https:\/\/www.foodmagazine.ma\/wp-content\/uploads\/2025\/02\/cfd197e3-f6ef-4618-8507-ad74a510aac7-300x200.jpg 300w, https:\/\/www.foodmagazine.ma\/wp-content\/uploads\/2025\/02\/cfd197e3-f6ef-4618-8507-ad74a510aac7-768x512.jpg 768w\" sizes=\"auto, (max-width: 1000px) 100vw, 1000px\" \/><\/figure>\n\n\n\n<p>Le projet de coop\u00e9ration &#8220;Swiss Partnership Morocco&#8221; dans le domaine de la propri\u00e9t\u00e9 intellectuelle a \u00e9t\u00e9 officiellement lanc\u00e9 le 14 f\u00e9vrier 2025, au si\u00e8ge de&nbsp;l\u2019Office Marocain de la Propri\u00e9t\u00e9 Industrielle et Commerciale (OMPIC) \u00e0 Casablanca. L&#8217;\u00e9v\u00e9nement a r\u00e9uni plusieurs personnalit\u00e9s importantes, dont M. Ryad Mezzour, ministre de l&#8217;Industrie et du Commerce, M. Valentin Zellweger, ambassadeur de Suisse au Maroc, ainsi que M. Abdelaziz Babqiqi, directeur g\u00e9n\u00e9ral de l&#8217;OMPIC, et Mme Dalal Mhamdi Alaoui, directrice g\u00e9n\u00e9rale du Bureau Marocain des Droits d\u2019Auteur, ainsi que plusieurs acteurs cl\u00e9s de la propri\u00e9t\u00e9 intellectuelle.<\/p>\n\n\n\n<p>Ce projet, d&#8217;une valeur de 17,2 millions de dirhams sur quatre ans, vise \u00e0 renforcer le syst\u00e8me de propri\u00e9t\u00e9 intellectuelle au Maroc. Son objectif est de soutenir l&#8217;innovation, am\u00e9liorer la comp\u00e9titivit\u00e9 des cr\u00e9ateurs marocains et assurer une meilleure protection de leurs actifs immat\u00e9riels sur les march\u00e9s nationaux et internationaux. Financ\u00e9 par le Secr\u00e9tariat d&#8217;\u00c9tat \u00e0 l&#8217;\u00e9conomie suisse (SECO), il est mis en \u0153uvre par l&#8217;Institut F\u00e9d\u00e9ral Suisse de la Propri\u00e9t\u00e9 Intellectuelle (IPI), en collaboration avec l&#8217;OMPIC et d&#8217;autres acteurs du domaine.<\/p>\n\n\n\n<p>Swiss Partnership Morocco se concentre sur quatre axes principaux : le renforcement du cadre l\u00e9gal en mati\u00e8re de propri\u00e9t\u00e9 intellectuelle et industrielle, l&#8217;am\u00e9lioration des services pour la protection et l&#8217;utilisation des droits de propri\u00e9t\u00e9 intellectuelle, la promotion de la propri\u00e9t\u00e9 intellectuelle aupr\u00e8s des diff\u00e9rents utilisateurs, et l&#8217;application effective des droits de propri\u00e9t\u00e9 intellectuelle et industrielle. Ces actions visent \u00e0 dynamiser le syst\u00e8me de la propri\u00e9t\u00e9 intellectuelle au Maroc, en assurant une meilleure protection des actifs immat\u00e9riels des cr\u00e9ateurs et en stimulant l&#8217;innovation et la comp\u00e9titivit\u00e9 sur les march\u00e9s nationaux et internationaux.<\/p>\n","protected":false},"excerpt":{"rendered":"<p>Le projet de coop\u00e9ration &#8220;Swiss Partnership Morocco&#8221; dans le domaine de la propri\u00e9t\u00e9 intellectuelle a \u00e9t\u00e9 officiellement lanc\u00e9 le 14 f\u00e9vrier 2025, au si\u00e8ge de&nbsp;l\u2019Office Marocain de la Propri\u00e9t\u00e9 Industrielle et Commerciale (OMPIC) \u00e0 Casablanca. L&#8217;\u00e9v\u00e9nement a r\u00e9uni plusieurs personnalit\u00e9s importantes, dont M. Ryad Mezzour, ministre de l&#8217;Industrie et du Commerce, M. Valentin Zellweger, ambassadeur &hellip;<\/p>\n","protected":false},"author":1,"featured_media":10489,"comment_status":"open","ping_status":"closed","sticky":false,"template":"","format":"standard","meta":{"footnotes":""},"categories":[6,2],"tags":[],"class_list":["post-10488","post","type-post","status-publish","format-standard","has-post-thumbnail","","category-a-la-une","category-actus-maroc"],"aioseo_notices":[],"_links":{"self":[{"href":"https:\/\/www.foodmagazine.ma\/index.php?rest_route=\/wp\/v2\/posts\/10488","targetHints":{"allow":["GET"]}}],"collection":[{"href":"https:\/\/www.foodmagazine.ma\/index.php?rest_route=\/wp\/v2\/posts"}],"about":[{"href":"https:\/\/www.foodmagazine.ma\/index.php?rest_route=\/wp\/v2\/types\/post"}],"author":[{"embeddable":true,"href":"https:\/\/www.foodmagazine.ma\/index.php?rest_route=\/wp\/v2\/users\/1"}],"replies":[{"embeddable":true,"href":"https:\/\/www.foodmagazine.ma\/index.php?rest_route=%2Fwp%2Fv2%2Fcomments&post=10488"}],"version-history":[{"count":1,"href":"https:\/\/www.foodmagazine.ma\/index.php?rest_route=\/wp\/v2\/posts\/10488\/revisions"}],"predecessor-version":[{"id":10490,"href":"https:\/\/www.foodmagazine.ma\/index.php?rest_route=\/wp\/v2\/posts\/10488\/revisions\/10490"}],"wp:featuredmedia":[{"embeddable":true,"href":"https:\/\/www.foodmagazine.ma\/index.php?rest_route=\/wp\/v2\/media\/10489"}],"wp:attachment":[{"href":"https:\/\/www.foodmagazine.ma\/index.php?rest_route=%2Fwp%2Fv2%2Fmedia&parent=10488"}],"wp:term":[{"taxonomy":"category","embeddable":true,"href":"https:\/\/www.foodmagazine.ma\/index.php?rest_route=%2Fwp%2Fv2%2Fcategories&post=10488"},{"taxonomy":"post_tag","embeddable":true,"href":"https:\/\/www.foodmagazine.ma\/index.php?rest_route=%2Fwp%2Fv2%2Ftags&post=10488"}],"curies":[{"name":"wp","href":"https:\/\/api.w.org\/{rel}","templated":true}]}}