{"id":10494,"date":"2025-02-18T12:58:09","date_gmt":"2025-02-18T11:58:09","guid":{"rendered":"https:\/\/www.foodmagazine.ma\/?p=10494"},"modified":"2025-02-18T12:58:10","modified_gmt":"2025-02-18T11:58:10","slug":"cooperation-renforcee-entre-le-maroc-et-lamerique-latine-rencontre-bilaterale-sur-lagriculture-et-leau","status":"publish","type":"post","link":"https:\/\/www.foodmagazine.ma\/?p=10494","title":{"rendered":"Coop\u00e9ration renforc\u00e9e entre le Maroc et l&#8217;Am\u00e9rique latine : rencontre bilat\u00e9rale sur l&#8217;agriculture et l&#8217;eau"},"content":{"rendered":"\n<figure class=\"wp-block-image size-full\"><img loading=\"lazy\" decoding=\"async\" width=\"1000\" height=\"644\" src=\"https:\/\/www.foodmagazine.ma\/wp-content\/uploads\/2025\/02\/1739624910182.jpg\" alt=\"\" class=\"wp-image-10495\" srcset=\"https:\/\/www.foodmagazine.ma\/wp-content\/uploads\/2025\/02\/1739624910182.jpg 1000w, https:\/\/www.foodmagazine.ma\/wp-content\/uploads\/2025\/02\/1739624910182-300x193.jpg 300w, https:\/\/www.foodmagazine.ma\/wp-content\/uploads\/2025\/02\/1739624910182-768x495.jpg 768w\" sizes=\"auto, (max-width: 1000px) 100vw, 1000px\" \/><\/figure>\n\n\n\n<p>M. Ahmed El Bouari, ministre de l\u2019Agriculture, de la P\u00eache Maritime, du D\u00e9veloppement Rural et des Eaux et For\u00eats, a accueilli le 14 f\u00e9vrier 2025, une d\u00e9l\u00e9gation du Parlement d\u2019Am\u00e9rique latine et des Cara\u00efbes (Parlatino), pour une rencontre bilat\u00e9rale centr\u00e9e sur le renforcement de la coop\u00e9ration dans les secteurs agricole et hydrique. Cette rencontre s\u2019inscrit dans un contexte de d\u00e9fis croissants li\u00e9s aux changements climatiques, un enjeu majeur pour les deux r\u00e9gions.<\/p>\n\n\n\n<p>Les discussions ont mis en lumi\u00e8re la Strat\u00e9gie G\u00e9n\u00e9ration Green du Maroc, une initiative visant \u00e0 promouvoir une agriculture durable et inclusive. Les participants ont salu\u00e9 l\u2019approche de cette strat\u00e9gie qui vise notamment \u00e0 am\u00e9liorer l\u2019efficacit\u00e9 hydrique et \u00e9nerg\u00e9tique dans le secteur agricole. Les actions entreprises par le Maroc pour faire face \u00e0 la gestion de l\u2019eau et aux probl\u00e9matiques li\u00e9es \u00e0 l\u2019agriculture ont \u00e9galement \u00e9t\u00e9 abord\u00e9es en profondeur.<\/p>\n\n\n\n<p>L\u2019occasion a \u00e9galement \u00e9t\u00e9 donn\u00e9e d\u2019explorer de nouvelles pistes de collaboration en mati\u00e8re d\u2019innovation et de recherche agricole. L\u2019\u00e9change d\u2019expertises et le partage des meilleures pratiques ont \u00e9t\u00e9 mis en avant comme des leviers essentiels pour favoriser une agriculture plus r\u00e9siliente et performante, en r\u00e9ponse aux d\u00e9fis environnementaux et \u00e9conomiques.<\/p>\n\n\n\n<p>Cet \u00e9v\u00e9nement repr\u00e9sente une \u00e9tape significative vers un partenariat renforc\u00e9 entre le Maroc et les pays d\u2019Am\u00e9rique latine et des Cara\u00efbes, dans le cadre d\u2019une coop\u00e9ration Sud-Sud orient\u00e9e vers une agriculture durable et innovante.<\/p>\n","protected":false},"excerpt":{"rendered":"<p>M. Ahmed El Bouari, ministre de l\u2019Agriculture, de la P\u00eache Maritime, du D\u00e9veloppement Rural et des Eaux et For\u00eats, a accueilli le 14 f\u00e9vrier 2025, une d\u00e9l\u00e9gation du Parlement d\u2019Am\u00e9rique latine et des Cara\u00efbes (Parlatino), pour une rencontre bilat\u00e9rale centr\u00e9e sur le renforcement de la coop\u00e9ration dans les secteurs agricole et hydrique. Cette rencontre s\u2019inscrit &hellip;<\/p>\n","protected":false},"author":1,"featured_media":10495,"comment_status":"open","ping_status":"closed","sticky":false,"template":"","format":"standard","meta":{"footnotes":""},"categories":[6,2],"tags":[],"class_list":["post-10494","post","type-post","status-publish","format-standard","has-post-thumbnail","","category-a-la-une","category-actus-maroc"],"aioseo_notices":[],"_links":{"self":[{"href":"https:\/\/www.foodmagazine.ma\/index.php?rest_route=\/wp\/v2\/posts\/10494","targetHints":{"allow":["GET"]}}],"collection":[{"href":"https:\/\/www.foodmagazine.ma\/index.php?rest_route=\/wp\/v2\/posts"}],"about":[{"href":"https:\/\/www.foodmagazine.ma\/index.php?rest_route=\/wp\/v2\/types\/post"}],"author":[{"embeddable":true,"href":"https:\/\/www.foodmagazine.ma\/index.php?rest_route=\/wp\/v2\/users\/1"}],"replies":[{"embeddable":true,"href":"https:\/\/www.foodmagazine.ma\/index.php?rest_route=%2Fwp%2Fv2%2Fcomments&post=10494"}],"version-history":[{"count":1,"href":"https:\/\/www.foodmagazine.ma\/index.php?rest_route=\/wp\/v2\/posts\/10494\/revisions"}],"predecessor-version":[{"id":10496,"href":"https:\/\/www.foodmagazine.ma\/index.php?rest_route=\/wp\/v2\/posts\/10494\/revisions\/10496"}],"wp:featuredmedia":[{"embeddable":true,"href":"https:\/\/www.foodmagazine.ma\/index.php?rest_route=\/wp\/v2\/media\/10495"}],"wp:attachment":[{"href":"https:\/\/www.foodmagazine.ma\/index.php?rest_route=%2Fwp%2Fv2%2Fmedia&parent=10494"}],"wp:term":[{"taxonomy":"category","embeddable":true,"href":"https:\/\/www.foodmagazine.ma\/index.php?rest_route=%2Fwp%2Fv2%2Fcategories&post=10494"},{"taxonomy":"post_tag","embeddable":true,"href":"https:\/\/www.foodmagazine.ma\/index.php?rest_route=%2Fwp%2Fv2%2Ftags&post=10494"}],"curies":[{"name":"wp","href":"https:\/\/api.w.org\/{rel}","templated":true}]}}