{"id":11497,"date":"2025-07-15T17:51:11","date_gmt":"2025-07-15T16:51:11","guid":{"rendered":"https:\/\/www.foodmagazine.ma\/?p=11497"},"modified":"2025-07-15T17:51:12","modified_gmt":"2025-07-15T16:51:12","slug":"agro-export-day-2025-exporter-lexcellence-agroalimentaire-marocaine","status":"publish","type":"post","link":"https:\/\/www.foodmagazine.ma\/?p=11497","title":{"rendered":"AGRO EXPORT DAY 2025 : Exporter l\u2019excellence agroalimentaire marocaine"},"content":{"rendered":"\n<figure class=\"wp-block-image size-full\"><img loading=\"lazy\" decoding=\"async\" width=\"1000\" height=\"355\" src=\"https:\/\/www.foodmagazine.ma\/wp-content\/uploads\/2025\/07\/Capture-decran-2025-07-15-112101.jpg\" alt=\"\" class=\"wp-image-11498\" srcset=\"https:\/\/www.foodmagazine.ma\/wp-content\/uploads\/2025\/07\/Capture-decran-2025-07-15-112101.jpg 1000w, https:\/\/www.foodmagazine.ma\/wp-content\/uploads\/2025\/07\/Capture-decran-2025-07-15-112101-300x107.jpg 300w, https:\/\/www.foodmagazine.ma\/wp-content\/uploads\/2025\/07\/Capture-decran-2025-07-15-112101-768x273.jpg 768w\" sizes=\"auto, (max-width: 1000px) 100vw, 1000px\" \/><\/figure>\n\n\n\n<p><\/p>\n\n\n\n<p>AGRO EXPORT DAY 2025 est le nouvel \u00e9v\u00e9nement international organis\u00e9 par la FENAGRI, la F\u00e9d\u00e9ration National de l\u2019Agroalimentaire au Maroc. La 1<sup>\u00e8re<\/sup>&nbsp;\u00e9dition se tiendra le jeudi 20 novembre 2025 sous le th\u00e8me \u00ab\u202fDes fili\u00e8res de qualit\u00e9, des exportations responsables\u202f!\u202f\u00bb. D\u00e9di\u00e9 \u00e0 la valorisation de l\u2019export agroalimentaire marocain, cet \u00e9v\u00e9nement ambitionne de renforcer la comp\u00e9titivit\u00e9 du secteur, encourager l\u2019innovation et cr\u00e9er des synergies \u00e0 l\u2019\u00e9chelle internationale. Il pr\u00e9voit d\u2019accueillir entre 150 et 200 participants, parmi lesquels des ministres, des d\u00e9cideurs, des investisseurs, des acheteurs, des exportateurs, des journalistes et des influenceurs. Le programme pr\u00e9voit une pl\u00e9ni\u00e8re, des panels th\u00e9matiques, un d\u00e9jeuner VIP, des rencontres B2B, une exposition de produits et une large couverture m\u00e9diatique avec captation et diffusion en direct.<\/p>\n\n\n\n<p>L\u2019AGRO EXPORT DAY 2025 ambitionne de f\u00e9d\u00e9rer un \u00e9cosyst\u00e8me strat\u00e9gique autour de l\u2019industrie agroalimentaire marocaine, en pleine expansion, en r\u00e9unissant des exportateurs marocains en qu\u00eate de nouveaux march\u00e9s, des acheteurs internationaux ciblant les fili\u00e8res \u00e0 fort potentiel, ainsi que des ambassades, institutions internationales, \u00e9tablissements publics, organismes de promotion, m\u00e9dias sp\u00e9cialis\u00e9s, influenceurs et acteurs du secteur bancaire. L\u2019objectif est de cr\u00e9er une dynamique collective autour de l\u2019innovation, de la performance export et de la durabilit\u00e9, afin de positionner le Maroc comme un hub agro-exportateur cr\u00e9dible et ambitieux sur l\u2019axe Euro-Med-Afrique.<\/p>\n\n\n\n<p>L\u2019\u00e9v\u00e9nement d\u00e9butera par un moment de networking suivi d\u2019une c\u00e9r\u00e9monie d\u2019ouverture avec des discours officiels et une keynote inspirante. Une introduction pr\u00e9sentera les atouts de l\u2019industrie agroalimentaire marocaine, les opportunit\u00e9s d\u2019exportation de produits \u00e0 valeur ajout\u00e9e, ainsi que les principaux accords de libre-\u00e9change.<\/p>\n\n\n\n<p>Le premier panel portera sur les opportunit\u00e9s pour l\u2019agro-industrie marocaine dans l\u2019espace Euro-Africain, avec un focus sur le Maroc comme hub agro-exportateur. Les \u00e9changes aborderont les partenariats d\u2019investissement Sud-Sud, les produits exportateurs strat\u00e9giques (BIO, bien-\u00eatre, condiments\u2026), les exigences r\u00e9glementaires et les march\u00e9s prioritaires \u00e0 conqu\u00e9rir, dans le cadre de la marque &#8220;Morocco Now&#8221;.<\/p>\n\n\n\n<p>Le deuxi\u00e8me panel explorera les leviers d\u2019\u00e9mergence \u00e0 travers la digitalisation, l\u2019innovation et la d\u00e9carbonation, avec une vision ax\u00e9e sur la s\u00e9curit\u00e9, l\u2019int\u00e9gration, la durabilit\u00e9 et l\u2019innovation (SIDI), \u00e0 l\u2019horizon 2030.<\/p>\n\n\n\n<p>L\u2019apr\u00e8s-midi sera consacr\u00e9 \u00e0 un d\u00e9jeuner networking VIP, des rencontres B2B cibl\u00e9es, une visite de la zone d\u2019exposition interactive, et se cl\u00f4turera par un cocktail de r\u00e9seautage.<\/p>\n\n\n\n<p>La participation \u00e0 AGRO EXPORT DAY 2025 se fait soit sur invitation officielle (institutionnels, professionnels du secteur, invit\u00e9s de marque tels que minist\u00e8res et ambassades), soit par inscription en ligne ouverte aux entrepreneurs, PME et experts sur\u00a0<a href=\"http:\/\/www.agroexportday.com\/\" target=\"_blank\" rel=\"noopener\" title=\"\">www.agroexportday.com<\/a><\/p>\n\n\n\n<p>La participation est gratuite, avec une date limite d\u2019inscription fix\u00e9e au 15 novembre 2025.<\/p>\n","protected":false},"excerpt":{"rendered":"<p>AGRO EXPORT DAY 2025 est le nouvel \u00e9v\u00e9nement international organis\u00e9 par la FENAGRI, la F\u00e9d\u00e9ration National de l\u2019Agroalimentaire au Maroc. La 1\u00e8re&nbsp;\u00e9dition se tiendra le jeudi 20 novembre 2025 sous le th\u00e8me \u00ab\u202fDes fili\u00e8res de qualit\u00e9, des exportations responsables\u202f!\u202f\u00bb. D\u00e9di\u00e9 \u00e0 la valorisation de l\u2019export agroalimentaire marocain, cet \u00e9v\u00e9nement ambitionne de renforcer la comp\u00e9titivit\u00e9 du &hellip;<\/p>\n","protected":false},"author":1,"featured_media":11498,"comment_status":"open","ping_status":"closed","sticky":false,"template":"","format":"standard","meta":{"footnotes":""},"categories":[6,2],"tags":[],"class_list":["post-11497","post","type-post","status-publish","format-standard","has-post-thumbnail","","category-a-la-une","category-actus-maroc"],"aioseo_notices":[],"_links":{"self":[{"href":"https:\/\/www.foodmagazine.ma\/index.php?rest_route=\/wp\/v2\/posts\/11497","targetHints":{"allow":["GET"]}}],"collection":[{"href":"https:\/\/www.foodmagazine.ma\/index.php?rest_route=\/wp\/v2\/posts"}],"about":[{"href":"https:\/\/www.foodmagazine.ma\/index.php?rest_route=\/wp\/v2\/types\/post"}],"author":[{"embeddable":true,"href":"https:\/\/www.foodmagazine.ma\/index.php?rest_route=\/wp\/v2\/users\/1"}],"replies":[{"embeddable":true,"href":"https:\/\/www.foodmagazine.ma\/index.php?rest_route=%2Fwp%2Fv2%2Fcomments&post=11497"}],"version-history":[{"count":1,"href":"https:\/\/www.foodmagazine.ma\/index.php?rest_route=\/wp\/v2\/posts\/11497\/revisions"}],"predecessor-version":[{"id":11499,"href":"https:\/\/www.foodmagazine.ma\/index.php?rest_route=\/wp\/v2\/posts\/11497\/revisions\/11499"}],"wp:featuredmedia":[{"embeddable":true,"href":"https:\/\/www.foodmagazine.ma\/index.php?rest_route=\/wp\/v2\/media\/11498"}],"wp:attachment":[{"href":"https:\/\/www.foodmagazine.ma\/index.php?rest_route=%2Fwp%2Fv2%2Fmedia&parent=11497"}],"wp:term":[{"taxonomy":"category","embeddable":true,"href":"https:\/\/www.foodmagazine.ma\/index.php?rest_route=%2Fwp%2Fv2%2Fcategories&post=11497"},{"taxonomy":"post_tag","embeddable":true,"href":"https:\/\/www.foodmagazine.ma\/index.php?rest_route=%2Fwp%2Fv2%2Ftags&post=11497"}],"curies":[{"name":"wp","href":"https:\/\/api.w.org\/{rel}","templated":true}]}}