{"id":11588,"date":"2025-07-29T15:45:51","date_gmt":"2025-07-29T14:45:51","guid":{"rendered":"https:\/\/www.foodmagazine.ma\/?p=11588"},"modified":"2025-07-29T15:45:52","modified_gmt":"2025-07-29T14:45:52","slug":"unfss4-a-addis-abeba-la-voix-du-maroc-pour-des-systemes-alimentaires-durables","status":"publish","type":"post","link":"https:\/\/www.foodmagazine.ma\/?p=11588","title":{"rendered":"UNFSS+4 \u00e0 Addis-Abeba : la voix du Maroc pour des syst\u00e8mes alimentaires durables"},"content":{"rendered":"\n<figure class=\"wp-block-image size-full\"><img loading=\"lazy\" decoding=\"async\" width=\"1000\" height=\"551\" src=\"https:\/\/www.foodmagazine.ma\/wp-content\/uploads\/2025\/07\/UNFSS-Addis-Ababa-28.07-3.jpg\" alt=\"\" class=\"wp-image-11589\" srcset=\"https:\/\/www.foodmagazine.ma\/wp-content\/uploads\/2025\/07\/UNFSS-Addis-Ababa-28.07-3.jpg 1000w, https:\/\/www.foodmagazine.ma\/wp-content\/uploads\/2025\/07\/UNFSS-Addis-Ababa-28.07-3-300x165.jpg 300w, https:\/\/www.foodmagazine.ma\/wp-content\/uploads\/2025\/07\/UNFSS-Addis-Ababa-28.07-3-768x423.jpg 768w\" sizes=\"auto, (max-width: 1000px) 100vw, 1000px\" \/><\/figure>\n\n\n\n<p><\/p>\n\n\n\n<p>Le Maroc repr\u00e9sent\u00e9 par M. Ahmed El Bouari, ministre de l&#8217;Agriculture, de la P\u00eache Maritime, du D\u00e9veloppement Rural et des Eaux et For\u00eats participe au deuxi\u00e8me Sommet des Nations Unies sur les syst\u00e8mes alimentaires (UNFSS+4). Cette r\u00e9union mondiale se tient les 28 et 29 juillet 2025 \u00e0 Addis-Abeba en pr\u00e9sence de chefs d\u2019\u00c9tat, de ministres et d\u2019acteurs du secteur agricole. Ce sommet fait le point sur les engagements de 2021 dans un contexte mondial marqu\u00e9 par des crises climatiques, g\u00e9opolitiques et \u00e9conomiques qui fragilisent l\u2019agriculture et menacent la s\u00e9curit\u00e9 alimentaire.<\/p>\n\n\n\n<p>Lors d\u2019une table ronde minist\u00e9rielle sur la gestion des transitions vers des syst\u00e8mes alimentaires justes, durables et inclusifs, le ministre a soulign\u00e9 l\u2019urgence de transformer ces syst\u00e8mes face aux pressions sur les ressources, \u00e0 la perte de biodiversit\u00e9 et au changement climatique. Il a appel\u00e9 \u00e0 une transition int\u00e9gr\u00e9e, fond\u00e9e sur la justice sociale, la durabilit\u00e9 environnementale et la r\u00e9silience \u00e9conomique, reposant sur une gouvernance participative, une agriculture \u00e9cologique, une alimentation accessible et la valorisation des savoirs locaux et de l\u2019innovation.<\/p>\n\n\n\n<p>Il a mis en avant la vision strat\u00e9gique du Maroc, port\u00e9e par Sa Majest\u00e9 le Roi Mohammed VI, visant \u00e0 assurer la s\u00e9curit\u00e9 alimentaire et la r\u00e9silience agricole face aux d\u00e9fis climatiques, notamment \u00e0 travers la r\u00e9forme profonde du syst\u00e8me alimentaire via la strat\u00e9gie \u00ab G\u00e9n\u00e9ration Green 2020-2030 \u00bb.<\/p>\n\n\n\n<p>Le ministre a enfin insist\u00e9 sur l\u2019importance de l\u2019action collective au-del\u00e0 des fronti\u00e8res nationales, en soulignant l\u2019engagement du Maroc dans la coop\u00e9ration Sud-Sud et triangulaire, \u00e0 travers des initiatives comme l\u2019Adaptation de l\u2019Agriculture Africaine (AAA) et la Soutenabilit\u00e9, Stabilit\u00e9 et S\u00e9curit\u00e9 en Afrique (SSS), qui traduisent une vision africaine solidaire et r\u00e9siliente bas\u00e9e sur le partage d\u2019expertise, la co-construction de solutions locales et la mobilisation conjointe de financements.<\/p>\n\n\n\n<p>Le Maroc a propos\u00e9 un Fonds International pour renforcer la s\u00e9curit\u00e9 alimentaire en Afrique, mobiliser des ressources et valoriser les ressources locales. Il r\u00e9affirme son engagement pour une s\u00e9curit\u00e9 alimentaire durable, inclusive et pour lutter contre la faim et la pauvret\u00e9 rurale d\u2019ici 2030.<\/p>\n","protected":false},"excerpt":{"rendered":"<p>Le Maroc repr\u00e9sent\u00e9 par M. Ahmed El Bouari, ministre de l&#8217;Agriculture, de la P\u00eache Maritime, du D\u00e9veloppement Rural et des Eaux et For\u00eats participe au deuxi\u00e8me Sommet des Nations Unies sur les syst\u00e8mes alimentaires (UNFSS+4). Cette r\u00e9union mondiale se tient les 28 et 29 juillet 2025 \u00e0 Addis-Abeba en pr\u00e9sence de chefs d\u2019\u00c9tat, de ministres &hellip;<\/p>\n","protected":false},"author":1,"featured_media":11589,"comment_status":"open","ping_status":"closed","sticky":false,"template":"","format":"standard","meta":{"footnotes":""},"categories":[6,2],"tags":[],"class_list":["post-11588","post","type-post","status-publish","format-standard","has-post-thumbnail","","category-a-la-une","category-actus-maroc"],"aioseo_notices":[],"_links":{"self":[{"href":"https:\/\/www.foodmagazine.ma\/index.php?rest_route=\/wp\/v2\/posts\/11588","targetHints":{"allow":["GET"]}}],"collection":[{"href":"https:\/\/www.foodmagazine.ma\/index.php?rest_route=\/wp\/v2\/posts"}],"about":[{"href":"https:\/\/www.foodmagazine.ma\/index.php?rest_route=\/wp\/v2\/types\/post"}],"author":[{"embeddable":true,"href":"https:\/\/www.foodmagazine.ma\/index.php?rest_route=\/wp\/v2\/users\/1"}],"replies":[{"embeddable":true,"href":"https:\/\/www.foodmagazine.ma\/index.php?rest_route=%2Fwp%2Fv2%2Fcomments&post=11588"}],"version-history":[{"count":1,"href":"https:\/\/www.foodmagazine.ma\/index.php?rest_route=\/wp\/v2\/posts\/11588\/revisions"}],"predecessor-version":[{"id":11590,"href":"https:\/\/www.foodmagazine.ma\/index.php?rest_route=\/wp\/v2\/posts\/11588\/revisions\/11590"}],"wp:featuredmedia":[{"embeddable":true,"href":"https:\/\/www.foodmagazine.ma\/index.php?rest_route=\/wp\/v2\/media\/11589"}],"wp:attachment":[{"href":"https:\/\/www.foodmagazine.ma\/index.php?rest_route=%2Fwp%2Fv2%2Fmedia&parent=11588"}],"wp:term":[{"taxonomy":"category","embeddable":true,"href":"https:\/\/www.foodmagazine.ma\/index.php?rest_route=%2Fwp%2Fv2%2Fcategories&post=11588"},{"taxonomy":"post_tag","embeddable":true,"href":"https:\/\/www.foodmagazine.ma\/index.php?rest_route=%2Fwp%2Fv2%2Ftags&post=11588"}],"curies":[{"name":"wp","href":"https:\/\/api.w.org\/{rel}","templated":true}]}}