{"id":11611,"date":"2025-08-26T16:51:51","date_gmt":"2025-08-26T15:51:51","guid":{"rendered":"https:\/\/www.foodmagazine.ma\/?p=11611"},"modified":"2025-08-26T16:51:52","modified_gmt":"2025-08-26T15:51:52","slug":"abidjan-une-nouvelle-dynamique-de-cooperation-sud-sud-sinstalle-dans-le-secteur-agricole","status":"publish","type":"post","link":"https:\/\/www.foodmagazine.ma\/?p=11611","title":{"rendered":"Abidjan\u00a0: une nouvelle dynamique de coop\u00e9ration Sud-Sud s\u2019installe dans le secteur agricole"},"content":{"rendered":"\n<figure class=\"wp-block-image size-full\"><img loading=\"lazy\" decoding=\"async\" width=\"1000\" height=\"699\" src=\"https:\/\/www.foodmagazine.ma\/wp-content\/uploads\/2025\/08\/1755728705317.jpg\" alt=\"\" class=\"wp-image-11612\" srcset=\"https:\/\/www.foodmagazine.ma\/wp-content\/uploads\/2025\/08\/1755728705317.jpg 1000w, https:\/\/www.foodmagazine.ma\/wp-content\/uploads\/2025\/08\/1755728705317-300x210.jpg 300w, https:\/\/www.foodmagazine.ma\/wp-content\/uploads\/2025\/08\/1755728705317-768x537.jpg 768w\" sizes=\"auto, (max-width: 1000px) 100vw, 1000px\" \/><\/figure>\n\n\n\n<p><\/p>\n\n\n\n<p>Le Conseil Agricole Ivoirien au Maroc (CAIM) et le Cabinet d\u2019Ing\u00e9nierie, d\u2019\u00c9tudes et de Formation (CIEF) ont officialis\u00e9, le 21 ao\u00fbt \u00e0 Abidjan, la signature d\u2019un Accord Cadre de Partenariat.<\/p>\n\n\n\n<p>La c\u00e9r\u00e9monie de signature a r\u00e9uni M. N\u2019Guessan Daniel, directeur g\u00e9n\u00e9ral du CAIM, et Dr Robert Guei, directeur g\u00e9n\u00e9ral du CIEF. Les deux institutions s\u2019engagent \u00e0 unir leurs efforts pour stimuler le d\u00e9veloppement du secteur agricole ivoirien, tout en consolidant les liens de coop\u00e9ration entre la C\u00f4te d\u2019Ivoire et le Maroc.<\/p>\n\n\n\n<p>L\u2019accord vise \u00e0 renforcer les capacit\u00e9s des acteurs agricoles, \u00e0 favoriser l\u2019\u00e9change d\u2019expertises, de savoir-faire et de technologies, \u00e0 appuyer l\u2019organisation d\u2019\u00e9v\u00e9nements et de formations, et \u00e0 contribuer au d\u00e9veloppement durable de la cha\u00eene de valeur agricole.<\/p>\n","protected":false},"excerpt":{"rendered":"<p>Le Conseil Agricole Ivoirien au Maroc (CAIM) et le Cabinet d\u2019Ing\u00e9nierie, d\u2019\u00c9tudes et de Formation (CIEF) ont officialis\u00e9, le 21 ao\u00fbt \u00e0 Abidjan, la signature d\u2019un Accord Cadre de Partenariat. La c\u00e9r\u00e9monie de signature a r\u00e9uni M. N\u2019Guessan Daniel, directeur g\u00e9n\u00e9ral du CAIM, et Dr Robert Guei, directeur g\u00e9n\u00e9ral du CIEF. Les deux institutions s\u2019engagent &hellip;<\/p>\n","protected":false},"author":1,"featured_media":11612,"comment_status":"open","ping_status":"closed","sticky":false,"template":"","format":"standard","meta":{"footnotes":""},"categories":[6,3],"tags":[],"class_list":["post-11611","post","type-post","status-publish","format-standard","has-post-thumbnail","","category-a-la-une","category-actus-monde"],"aioseo_notices":[],"_links":{"self":[{"href":"https:\/\/www.foodmagazine.ma\/index.php?rest_route=\/wp\/v2\/posts\/11611","targetHints":{"allow":["GET"]}}],"collection":[{"href":"https:\/\/www.foodmagazine.ma\/index.php?rest_route=\/wp\/v2\/posts"}],"about":[{"href":"https:\/\/www.foodmagazine.ma\/index.php?rest_route=\/wp\/v2\/types\/post"}],"author":[{"embeddable":true,"href":"https:\/\/www.foodmagazine.ma\/index.php?rest_route=\/wp\/v2\/users\/1"}],"replies":[{"embeddable":true,"href":"https:\/\/www.foodmagazine.ma\/index.php?rest_route=%2Fwp%2Fv2%2Fcomments&post=11611"}],"version-history":[{"count":1,"href":"https:\/\/www.foodmagazine.ma\/index.php?rest_route=\/wp\/v2\/posts\/11611\/revisions"}],"predecessor-version":[{"id":11613,"href":"https:\/\/www.foodmagazine.ma\/index.php?rest_route=\/wp\/v2\/posts\/11611\/revisions\/11613"}],"wp:featuredmedia":[{"embeddable":true,"href":"https:\/\/www.foodmagazine.ma\/index.php?rest_route=\/wp\/v2\/media\/11612"}],"wp:attachment":[{"href":"https:\/\/www.foodmagazine.ma\/index.php?rest_route=%2Fwp%2Fv2%2Fmedia&parent=11611"}],"wp:term":[{"taxonomy":"category","embeddable":true,"href":"https:\/\/www.foodmagazine.ma\/index.php?rest_route=%2Fwp%2Fv2%2Fcategories&post=11611"},{"taxonomy":"post_tag","embeddable":true,"href":"https:\/\/www.foodmagazine.ma\/index.php?rest_route=%2Fwp%2Fv2%2Ftags&post=11611"}],"curies":[{"name":"wp","href":"https:\/\/api.w.org\/{rel}","templated":true}]}}