{"id":11614,"date":"2025-08-26T16:53:14","date_gmt":"2025-08-26T15:53:14","guid":{"rendered":"https:\/\/www.foodmagazine.ma\/?p=11614"},"modified":"2025-08-26T16:53:15","modified_gmt":"2025-08-26T15:53:15","slug":"gouvernance-et-developpement-lead-la-reponse-africaine-aux-defis-politiques-du-continent","status":"publish","type":"post","link":"https:\/\/www.foodmagazine.ma\/?p=11614","title":{"rendered":"Gouvernance et d\u00e9veloppement : LEAD, la r\u00e9ponse africaine aux d\u00e9fis politiques du continent"},"content":{"rendered":"\n<figure class=\"wp-block-image size-full\"><img loading=\"lazy\" decoding=\"async\" width=\"1000\" height=\"538\" src=\"https:\/\/www.foodmagazine.ma\/wp-content\/uploads\/2025\/08\/KV-LEAD.jpg\" alt=\"\" class=\"wp-image-11615\" srcset=\"https:\/\/www.foodmagazine.ma\/wp-content\/uploads\/2025\/08\/KV-LEAD.jpg 1000w, https:\/\/www.foodmagazine.ma\/wp-content\/uploads\/2025\/08\/KV-LEAD-300x161.jpg 300w, https:\/\/www.foodmagazine.ma\/wp-content\/uploads\/2025\/08\/KV-LEAD-768x413.jpg 768w\" sizes=\"auto, (max-width: 1000px) 100vw, 1000px\" \/><\/figure>\n\n\n\n<p><\/p>\n\n\n\n<p>Africa CEO Forum, en collaboration avec l\u2019Universit\u00e9 Mohammed VI Polytechnique et trois partenaires strat\u00e9giques (la Fondation Aig-Imoukhuede, la Banque Arabe pour le D\u00e9veloppement \u00c9conomique en Afrique (BADEA) et Afreximbank), a lanc\u00e9 le 7 ao\u00fbt sur le campus de l\u2019UM6P \u00e0 Rabat, l\u2019initiative LEAD&nbsp;; un programme panafricain d\u00e9di\u00e9 au renforcement de la gouvernance publique.&nbsp;<\/p>\n\n\n\n<p>Le projet vise \u00e0 former un r\u00e9seau de hauts fonctionnaires africains capables de concevoir des politiques publiques efficaces et de positionner les institutions comme moteurs de transformation \u00e9conomique.&nbsp;<\/p>\n\n\n\n<p>Le programme LEAD a \u00e9t\u00e9 lanc\u00e9 dans un contexte o\u00f9 l\u2019Afrique est confront\u00e9e \u00e0 des d\u00e9fis politiques de plus en plus complexes, allant de la mise en \u0153uvre efficace de la ZLECAf \u2013 la plus vaste zone de libre-\u00e9change depuis l\u2019OMC \u2013 \u00e0 la gestion des impacts du changement climatique, de la croissance d\u00e9mographique rapide, et de la transition num\u00e9rique. Pour exploiter pleinement ces opportunit\u00e9s, une gouvernance publique performante s\u2019impose. LEAD vise ainsi \u00e0 former chaque ann\u00e9e un r\u00e9seau panafricain de jeunes hauts fonctionnaires, dot\u00e9s des comp\u00e9tences et outils n\u00e9cessaires pour concevoir des politiques publiques adapt\u00e9es et produire des r\u00e9sultats concrets. Le programme repose sur l\u2019id\u00e9e que l\u2019excellence du service public est la cl\u00e9 pour lib\u00e9rer le potentiel \u00e9conomique du continent.<\/p>\n\n\n\n<p>D\u2019apr\u00e8s Hicham El Habti, pr\u00e9sident de l\u2019Universit\u00e9 Mohammed VI Polytechnique (UM6P), le principal frein au progr\u00e8s durable en Afrique n\u2019est ni l\u2019ambition ni les id\u00e9es, mais le manque de conditions institutionnelles propices \u00e0 leur concr\u00e9tisation. Il souligne que la politique publique est un levier strat\u00e9gique n\u00e9cessitant \u00e0 la fois vision et capacit\u00e9 d\u2019action. L\u2019initiative LEAD, selon lui, s\u2019inscrit pleinement dans la mission de l\u2019UM6P de former des comp\u00e9tences, b\u00e2tir des r\u00e9seaux et d\u00e9velopper une intelligence institutionnelle au service de la transformation du continent. \u00ab&nbsp;<em>Il s\u2019agit de b\u00e2tir des syst\u00e8mes publics r\u00e9actifs, enracin\u00e9s et tourn\u00e9s vers l\u2019avenir<\/em>. \u00bb&nbsp;<\/p>\n\n\n\n<p>LEAD b\u00e9n\u00e9ficie du soutien de plusieurs acteurs engag\u00e9s dans l\u2019excellence des politiques publiques et la bonne gouvernance, dont la BOAD, la Fondation ARISE, Africa Re et ASAFO &amp; CO, qui apportent leur expertise et leurs ressources \u00e0 l\u2019initiative.<\/p>\n","protected":false},"excerpt":{"rendered":"<p>Africa CEO Forum, en collaboration avec l\u2019Universit\u00e9 Mohammed VI Polytechnique et trois partenaires strat\u00e9giques (la Fondation Aig-Imoukhuede, la Banque Arabe pour le D\u00e9veloppement \u00c9conomique en Afrique (BADEA) et Afreximbank), a lanc\u00e9 le 7 ao\u00fbt sur le campus de l\u2019UM6P \u00e0 Rabat, l\u2019initiative LEAD&nbsp;; un programme panafricain d\u00e9di\u00e9 au renforcement de la gouvernance publique.&nbsp; Le projet &hellip;<\/p>\n","protected":false},"author":1,"featured_media":11615,"comment_status":"open","ping_status":"closed","sticky":false,"template":"","format":"standard","meta":{"footnotes":""},"categories":[6,2],"tags":[],"class_list":["post-11614","post","type-post","status-publish","format-standard","has-post-thumbnail","","category-a-la-une","category-actus-maroc"],"aioseo_notices":[],"_links":{"self":[{"href":"https:\/\/www.foodmagazine.ma\/index.php?rest_route=\/wp\/v2\/posts\/11614","targetHints":{"allow":["GET"]}}],"collection":[{"href":"https:\/\/www.foodmagazine.ma\/index.php?rest_route=\/wp\/v2\/posts"}],"about":[{"href":"https:\/\/www.foodmagazine.ma\/index.php?rest_route=\/wp\/v2\/types\/post"}],"author":[{"embeddable":true,"href":"https:\/\/www.foodmagazine.ma\/index.php?rest_route=\/wp\/v2\/users\/1"}],"replies":[{"embeddable":true,"href":"https:\/\/www.foodmagazine.ma\/index.php?rest_route=%2Fwp%2Fv2%2Fcomments&post=11614"}],"version-history":[{"count":1,"href":"https:\/\/www.foodmagazine.ma\/index.php?rest_route=\/wp\/v2\/posts\/11614\/revisions"}],"predecessor-version":[{"id":11616,"href":"https:\/\/www.foodmagazine.ma\/index.php?rest_route=\/wp\/v2\/posts\/11614\/revisions\/11616"}],"wp:featuredmedia":[{"embeddable":true,"href":"https:\/\/www.foodmagazine.ma\/index.php?rest_route=\/wp\/v2\/media\/11615"}],"wp:attachment":[{"href":"https:\/\/www.foodmagazine.ma\/index.php?rest_route=%2Fwp%2Fv2%2Fmedia&parent=11614"}],"wp:term":[{"taxonomy":"category","embeddable":true,"href":"https:\/\/www.foodmagazine.ma\/index.php?rest_route=%2Fwp%2Fv2%2Fcategories&post=11614"},{"taxonomy":"post_tag","embeddable":true,"href":"https:\/\/www.foodmagazine.ma\/index.php?rest_route=%2Fwp%2Fv2%2Ftags&post=11614"}],"curies":[{"name":"wp","href":"https:\/\/api.w.org\/{rel}","templated":true}]}}