{"id":11648,"date":"2025-09-01T10:52:28","date_gmt":"2025-09-01T09:52:28","guid":{"rendered":"https:\/\/www.foodmagazine.ma\/?p=11648"},"modified":"2025-09-02T17:12:27","modified_gmt":"2025-09-02T16:12:27","slug":"ipm-academy-nouvelle-reference-en-formation-contre-les-nuisibles-en-afrique","status":"publish","type":"post","link":"https:\/\/www.foodmagazine.ma\/?p=11648","title":{"rendered":"IPM ACADEMY : Nouvelle r\u00e9f\u00e9rence en formation contre les nuisibles en Afrique"},"content":{"rendered":"\n<figure class=\"wp-block-image size-full\"><img loading=\"lazy\" decoding=\"async\" width=\"1000\" height=\"621\" src=\"https:\/\/www.foodmagazine.ma\/wp-content\/uploads\/2025\/09\/Capture-decran-2025-08-28-175936.jpg\" alt=\"\" class=\"wp-image-11649\" srcset=\"https:\/\/www.foodmagazine.ma\/wp-content\/uploads\/2025\/09\/Capture-decran-2025-08-28-175936.jpg 1000w, https:\/\/www.foodmagazine.ma\/wp-content\/uploads\/2025\/09\/Capture-decran-2025-08-28-175936-300x186.jpg 300w, https:\/\/www.foodmagazine.ma\/wp-content\/uploads\/2025\/09\/Capture-decran-2025-08-28-175936-768x477.jpg 768w\" sizes=\"auto, (max-width: 1000px) 100vw, 1000px\" \/><\/figure>\n\n\n\n<p><\/p>\n\n\n\n<p>Le secteur de la lutte anti-nuisibles en Afrique accueille un nouvel acteur de r\u00e9f\u00e9rence avec la cr\u00e9ation d\u2019IPM ACADEMY, un cabinet d\u00e9di\u00e9 \u00e0 la formation, au conseil et \u00e0 l\u2019audit dans les m\u00e9tiers de la d\u00e9ratisation, d\u00e9sinsectisation, d\u00e9reptilisation et d\u00e9sinfection, dits \u00ab\u202f3D\u202f\u00bb.<\/p>\n\n\n\n<p>Destin\u00e9e aux professionnels de l\u2019hygi\u00e8ne publique, qu\u2019ils soient du secteur priv\u00e9 ou public, cette structure ambitionne de renforcer les comp\u00e9tences des sp\u00e9cialistes et de professionnaliser un domaine essentiel \u00e0 la sant\u00e9 publique. Port\u00e9e par une \u00e9quipe d\u2019experts pluridisciplinaires, IPM ACADEMY se positionne comme un pont entre savoir scientifique et expertise de terrain.<\/p>\n\n\n\n<p>Le cabinet se donne pour mission de d\u00e9velopper une expertise op\u00e9rationnelle de haut niveau, de diffuser les connaissances techniques \u00e0 toutes les \u00e9tapes de la cha\u00eene de valeur, de promouvoir une utilisation responsable et s\u00e9curis\u00e9e des produits biocides et d\u2019accompagner les prestataires \u00e0 travers des audits destin\u00e9s \u00e0 am\u00e9liorer les cahiers des charges et la satisfaction des clients.<\/p>\n\n\n\n<p>Acteur engag\u00e9 dans la structuration du secteur, IPM ACADEMY a rejoint l\u2019AM3D, premi\u00e8re association professionnelle d\u00e9di\u00e9e aux m\u00e9tiers \u00ab 3D \u00bb, qui milite activement pour la reconnaissance et la r\u00e9gulation de la profession. Le cabinet met son expertise au service des membres et partenaires de l\u2019association.<\/p>\n\n\n\n<p>\u00c0 partir de septembre 2025, IPM ACADEMY lancera une premi\u00e8re s\u00e9rie de sessions de formation. Le 11 septembre, une session sera consacr\u00e9e aux punaises de lit. Le 16 septembre portera sur les cinq piliers pour r\u00e9ussir commercialement dans le secteur. Du 23 au 25 septembre, une formation approfondie portera sur le Pest Management en hygi\u00e8ne publique. Enfin, le 30 septembre sera d\u00e9di\u00e9 aux fourmis invasives. Les inscriptions ouvriront prochainement. Pour plus d\u2019informations, contactez la coordinatrice p\u00e9dagogique au +212 608532857.<\/p>\n","protected":false},"excerpt":{"rendered":"<p>Le secteur de la lutte anti-nuisibles en Afrique accueille un nouvel acteur de r\u00e9f\u00e9rence avec la cr\u00e9ation d\u2019IPM ACADEMY, un cabinet d\u00e9di\u00e9 \u00e0 la formation, au conseil et \u00e0 l\u2019audit dans les m\u00e9tiers de la d\u00e9ratisation, d\u00e9sinsectisation, d\u00e9reptilisation et d\u00e9sinfection, dits \u00ab\u202f3D\u202f\u00bb. Destin\u00e9e aux professionnels de l\u2019hygi\u00e8ne publique, qu\u2019ils soient du secteur priv\u00e9 ou public, &hellip;<\/p>\n","protected":false},"author":1,"featured_media":11649,"comment_status":"open","ping_status":"closed","sticky":false,"template":"","format":"standard","meta":{"footnotes":""},"categories":[6,2],"tags":[],"class_list":["post-11648","post","type-post","status-publish","format-standard","has-post-thumbnail","","category-a-la-une","category-actus-maroc"],"aioseo_notices":[],"_links":{"self":[{"href":"https:\/\/www.foodmagazine.ma\/index.php?rest_route=\/wp\/v2\/posts\/11648","targetHints":{"allow":["GET"]}}],"collection":[{"href":"https:\/\/www.foodmagazine.ma\/index.php?rest_route=\/wp\/v2\/posts"}],"about":[{"href":"https:\/\/www.foodmagazine.ma\/index.php?rest_route=\/wp\/v2\/types\/post"}],"author":[{"embeddable":true,"href":"https:\/\/www.foodmagazine.ma\/index.php?rest_route=\/wp\/v2\/users\/1"}],"replies":[{"embeddable":true,"href":"https:\/\/www.foodmagazine.ma\/index.php?rest_route=%2Fwp%2Fv2%2Fcomments&post=11648"}],"version-history":[{"count":2,"href":"https:\/\/www.foodmagazine.ma\/index.php?rest_route=\/wp\/v2\/posts\/11648\/revisions"}],"predecessor-version":[{"id":11668,"href":"https:\/\/www.foodmagazine.ma\/index.php?rest_route=\/wp\/v2\/posts\/11648\/revisions\/11668"}],"wp:featuredmedia":[{"embeddable":true,"href":"https:\/\/www.foodmagazine.ma\/index.php?rest_route=\/wp\/v2\/media\/11649"}],"wp:attachment":[{"href":"https:\/\/www.foodmagazine.ma\/index.php?rest_route=%2Fwp%2Fv2%2Fmedia&parent=11648"}],"wp:term":[{"taxonomy":"category","embeddable":true,"href":"https:\/\/www.foodmagazine.ma\/index.php?rest_route=%2Fwp%2Fv2%2Fcategories&post=11648"},{"taxonomy":"post_tag","embeddable":true,"href":"https:\/\/www.foodmagazine.ma\/index.php?rest_route=%2Fwp%2Fv2%2Ftags&post=11648"}],"curies":[{"name":"wp","href":"https:\/\/api.w.org\/{rel}","templated":true}]}}