{"id":11662,"date":"2025-09-02T10:38:10","date_gmt":"2025-09-02T09:38:10","guid":{"rendered":"https:\/\/www.foodmagazine.ma\/?p=11662"},"modified":"2025-09-02T10:38:45","modified_gmt":"2025-09-02T09:38:45","slug":"afsf-le-maroc-reaffirme-son-engagement-pour-les-systemes-alimentaires-africains","status":"publish","type":"post","link":"https:\/\/www.foodmagazine.ma\/?p=11662","title":{"rendered":"AFSF\u00a0: le Maroc r\u00e9affirme son engagement pour les syst\u00e8mes alimentaires africains"},"content":{"rendered":"\n<figure class=\"wp-block-image size-full\"><img loading=\"lazy\" decoding=\"async\" width=\"1000\" height=\"666\" src=\"https:\/\/www.foodmagazine.ma\/wp-content\/uploads\/2025\/09\/495899334_1079919544168619_2194829817783329337_n.jpg\" alt=\"\" class=\"wp-image-11663\" srcset=\"https:\/\/www.foodmagazine.ma\/wp-content\/uploads\/2025\/09\/495899334_1079919544168619_2194829817783329337_n.jpg 1000w, https:\/\/www.foodmagazine.ma\/wp-content\/uploads\/2025\/09\/495899334_1079919544168619_2194829817783329337_n-300x200.jpg 300w, https:\/\/www.foodmagazine.ma\/wp-content\/uploads\/2025\/09\/495899334_1079919544168619_2194829817783329337_n-768x511.jpg 768w, https:\/\/www.foodmagazine.ma\/wp-content\/uploads\/2025\/09\/495899334_1079919544168619_2194829817783329337_n-310x205.jpg 310w\" sizes=\"auto, (max-width: 1000px) 100vw, 1000px\" \/><\/figure>\n\n\n\n<p><\/p>\n\n\n\n<p>Le Royaume du Maroc, incarn\u00e9 par une d\u00e9l\u00e9gation conduite par le ministre de l\u2019Agriculture, de la P\u00eache Maritime, du D\u00e9veloppement Rural et des Eaux et For\u00eats, Ahmed El Bouari, a pris part au Forum Africain sur les Syst\u00e8mes Alimentaires (AFSF) qui se tient du 1<sup>er<\/sup>&nbsp;au 5 septembre \u00e0 Dakar. Organis\u00e9 sous le th\u00e8me \u00ab La Jeunesse Africaine : Fer de lance de la collaboration, de l\u2019innovation et de la transformation des syst\u00e8mes agroalimentaires \u00bb, ce forum vise \u00e0 catalyser des actions concr\u00e8tes pour renforcer la s\u00e9curit\u00e9 alimentaire et la r\u00e9silience climatique sur le continent.<\/p>\n\n\n\n<p>La participation marocaine s\u2019inscrit dans la continuit\u00e9 de la strat\u00e9gie \u00ab G\u00e9n\u00e9ration Green 2020-2030 \u00bb, qui place l\u2019\u00e9l\u00e9ment humain au c\u0153ur du d\u00e9veloppement agricole. \u00ab&nbsp;<em>Cette strat\u00e9gie vise, sous la conduite \u00e9clair\u00e9e de Sa Majest\u00e9 le Roi Mohammed VI, Que Dieu L\u2019Assiste, \u00e0 accompagner l\u2019installation des jeunes agriculteurs afin de garantir la rel\u00e8ve et la souverainet\u00e9 alimentaire&nbsp;<\/em>\u00bb, a rappel\u00e9 le ministre.<\/p>\n\n\n\n<p>Des initiatives telles que l\u2019Initiative pour l\u2019Adaptation de l\u2019Agriculture Africaine (AAA) ou l\u2019Initiative Royale pour l\u2019Atlantique ont \u00e9galement \u00e9t\u00e9 mises en avant comme leviers pour une agriculture innovante et r\u00e9siliente.<\/p>\n\n\n\n<p>En marge du forum, une rencontre bilat\u00e9rale a r\u00e9uni le ministre et Ted McKinney, PDG de la National Association of States Department of Agriculture (NASDA), accompagn\u00e9 d\u2019une d\u00e9l\u00e9gation am\u00e9ricaine. Les discussions ont port\u00e9 sur le d\u00e9veloppement du commerce agricole, les investissements am\u00e9ricains au Maroc et la mise en place d\u2019un partenariat triangulaire avec l\u2019Afrique. \u00ab&nbsp;<em>Les deux parties se sont accord\u00e9es sur le renforcement de la coop\u00e9ration existante, notamment dans la production animale, la gestion durable de l\u2019eau et la valorisation des fili\u00e8res \u00e0 haute valeur ajout\u00e9e<\/em>&nbsp;\u00bb, a indiqu\u00e9 un communiqu\u00e9 conjoint.<\/p>\n","protected":false},"excerpt":{"rendered":"<p>Le Royaume du Maroc, incarn\u00e9 par une d\u00e9l\u00e9gation conduite par le ministre de l\u2019Agriculture, de la P\u00eache Maritime, du D\u00e9veloppement Rural et des Eaux et For\u00eats, Ahmed El Bouari, a pris part au Forum Africain sur les Syst\u00e8mes Alimentaires (AFSF) qui se tient du 1er&nbsp;au 5 septembre \u00e0 Dakar. Organis\u00e9 sous le th\u00e8me \u00ab La &hellip;<\/p>\n","protected":false},"author":1,"featured_media":11663,"comment_status":"open","ping_status":"closed","sticky":false,"template":"","format":"standard","meta":{"footnotes":""},"categories":[6,2],"tags":[],"class_list":["post-11662","post","type-post","status-publish","format-standard","has-post-thumbnail","","category-a-la-une","category-actus-maroc"],"aioseo_notices":[],"_links":{"self":[{"href":"https:\/\/www.foodmagazine.ma\/index.php?rest_route=\/wp\/v2\/posts\/11662","targetHints":{"allow":["GET"]}}],"collection":[{"href":"https:\/\/www.foodmagazine.ma\/index.php?rest_route=\/wp\/v2\/posts"}],"about":[{"href":"https:\/\/www.foodmagazine.ma\/index.php?rest_route=\/wp\/v2\/types\/post"}],"author":[{"embeddable":true,"href":"https:\/\/www.foodmagazine.ma\/index.php?rest_route=\/wp\/v2\/users\/1"}],"replies":[{"embeddable":true,"href":"https:\/\/www.foodmagazine.ma\/index.php?rest_route=%2Fwp%2Fv2%2Fcomments&post=11662"}],"version-history":[{"count":1,"href":"https:\/\/www.foodmagazine.ma\/index.php?rest_route=\/wp\/v2\/posts\/11662\/revisions"}],"predecessor-version":[{"id":11664,"href":"https:\/\/www.foodmagazine.ma\/index.php?rest_route=\/wp\/v2\/posts\/11662\/revisions\/11664"}],"wp:featuredmedia":[{"embeddable":true,"href":"https:\/\/www.foodmagazine.ma\/index.php?rest_route=\/wp\/v2\/media\/11663"}],"wp:attachment":[{"href":"https:\/\/www.foodmagazine.ma\/index.php?rest_route=%2Fwp%2Fv2%2Fmedia&parent=11662"}],"wp:term":[{"taxonomy":"category","embeddable":true,"href":"https:\/\/www.foodmagazine.ma\/index.php?rest_route=%2Fwp%2Fv2%2Fcategories&post=11662"},{"taxonomy":"post_tag","embeddable":true,"href":"https:\/\/www.foodmagazine.ma\/index.php?rest_route=%2Fwp%2Fv2%2Ftags&post=11662"}],"curies":[{"name":"wp","href":"https:\/\/api.w.org\/{rel}","templated":true}]}}