{"id":11942,"date":"2025-10-07T10:38:44","date_gmt":"2025-10-07T09:38:44","guid":{"rendered":"https:\/\/www.foodmagazine.ma\/?p=11942"},"modified":"2025-10-07T10:38:46","modified_gmt":"2025-10-07T09:38:46","slug":"accord-agricole-lue-etend-ses-preferences-tarifaires-aux-produits-du-sud-marocain","status":"publish","type":"post","link":"https:\/\/www.foodmagazine.ma\/?p=11942","title":{"rendered":"Accord agricole : l\u2019UE \u00e9tend ses pr\u00e9f\u00e9rences tarifaires aux produits du Sud marocain"},"content":{"rendered":"\n<p>Le Maroc et l\u2019Union europ\u00e9enne ont finalis\u00e9 avec succ\u00e8s, dans un esprit de partenariat et de compromis, les n\u00e9gociations concernant l\u2019amendement de l\u2019accord agricole qui les lie, a d\u00e9clar\u00e9 le 2 octobre \u00e0 Rabat, M. Nasser Bourita, ministre des Affaires \u00e9trang\u00e8res, de la Coop\u00e9ration africaine et des Marocains r\u00e9sidant \u00e0 l\u2019\u00e9tranger. Le ministre a pr\u00e9cis\u00e9 que la signature interviendra prochainement \u00e0 Bruxelles et que, dans l\u2019attente de la finalisation des proc\u00e9dures internes, l\u2019accord sera mis en application provisoire d\u00e8s sa signature.<\/p>\n\n\n\n<p>Le ministre a indiqu\u00e9 que cet accord apporte les clarifications n\u00e9cessaires, tout en respectant les fondamentaux nationaux du Royaume. Il s\u2019inscrit dans la continuit\u00e9 de l\u2019\u00e9change de lettres sign\u00e9 entre les deux parties en 2018, auquel il reste fid\u00e8le dans son \u00e9conomie g\u00e9n\u00e9rale.<\/p>\n\n\n\n<p>L\u2019accord confirme l\u2019application aux provinces du Sud des tarifs pr\u00e9f\u00e9rentiels accord\u00e9s par l\u2019Union europ\u00e9enne dans le cadre de l\u2019accord d\u2019association avec le Maroc. De mani\u00e8re g\u00e9n\u00e9rale, les conditions d\u2019acc\u00e8s au march\u00e9 europ\u00e9en des produits du Nord seront appliqu\u00e9es aux produits du Sahara marocain.<\/p>\n\n\n\n<p>Le texte introduit \u00e9galement des ajustements techniques relatifs \u00e0 l\u2019information du consommateur sur la provenance des produits. Un \u00e9tiquetage indiquant les r\u00e9gions de production situ\u00e9es au sud du Royaume, \u00e0 savoir La\u00e2youne-Sakia El Hamra et Dakhla-Oued Eddahab, sera appos\u00e9 sur les produits agricoles concern\u00e9s.<\/p>\n","protected":false},"excerpt":{"rendered":"<p>Le Maroc et l\u2019Union europ\u00e9enne ont finalis\u00e9 avec succ\u00e8s, dans un esprit de partenariat et de compromis, les n\u00e9gociations concernant l\u2019amendement de l\u2019accord agricole qui les lie, a d\u00e9clar\u00e9 le 2 octobre \u00e0 Rabat, M. Nasser Bourita, ministre des Affaires \u00e9trang\u00e8res, de la Coop\u00e9ration africaine et des Marocains r\u00e9sidant \u00e0 l\u2019\u00e9tranger. Le ministre a pr\u00e9cis\u00e9 &hellip;<\/p>\n","protected":false},"author":1,"featured_media":11943,"comment_status":"open","ping_status":"closed","sticky":false,"template":"","format":"standard","meta":{"footnotes":""},"categories":[6,2],"tags":[],"class_list":["post-11942","post","type-post","status-publish","format-standard","has-post-thumbnail","","category-a-la-une","category-actus-maroc"],"aioseo_notices":[],"_links":{"self":[{"href":"https:\/\/www.foodmagazine.ma\/index.php?rest_route=\/wp\/v2\/posts\/11942","targetHints":{"allow":["GET"]}}],"collection":[{"href":"https:\/\/www.foodmagazine.ma\/index.php?rest_route=\/wp\/v2\/posts"}],"about":[{"href":"https:\/\/www.foodmagazine.ma\/index.php?rest_route=\/wp\/v2\/types\/post"}],"author":[{"embeddable":true,"href":"https:\/\/www.foodmagazine.ma\/index.php?rest_route=\/wp\/v2\/users\/1"}],"replies":[{"embeddable":true,"href":"https:\/\/www.foodmagazine.ma\/index.php?rest_route=%2Fwp%2Fv2%2Fcomments&post=11942"}],"version-history":[{"count":1,"href":"https:\/\/www.foodmagazine.ma\/index.php?rest_route=\/wp\/v2\/posts\/11942\/revisions"}],"predecessor-version":[{"id":11944,"href":"https:\/\/www.foodmagazine.ma\/index.php?rest_route=\/wp\/v2\/posts\/11942\/revisions\/11944"}],"wp:featuredmedia":[{"embeddable":true,"href":"https:\/\/www.foodmagazine.ma\/index.php?rest_route=\/wp\/v2\/media\/11943"}],"wp:attachment":[{"href":"https:\/\/www.foodmagazine.ma\/index.php?rest_route=%2Fwp%2Fv2%2Fmedia&parent=11942"}],"wp:term":[{"taxonomy":"category","embeddable":true,"href":"https:\/\/www.foodmagazine.ma\/index.php?rest_route=%2Fwp%2Fv2%2Fcategories&post=11942"},{"taxonomy":"post_tag","embeddable":true,"href":"https:\/\/www.foodmagazine.ma\/index.php?rest_route=%2Fwp%2Fv2%2Ftags&post=11942"}],"curies":[{"name":"wp","href":"https:\/\/api.w.org\/{rel}","templated":true}]}}