{"id":12030,"date":"2025-10-17T11:26:34","date_gmt":"2025-10-17T10:26:34","guid":{"rendered":"https:\/\/www.foodmagazine.ma\/?p=12030"},"modified":"2025-10-17T11:26:35","modified_gmt":"2025-10-17T10:26:35","slug":"salon-international-de-lalimentation-dabu-dhabi-un-rendez-vous-pour-linnovation-et-la-cooperation-agroalimentaire","status":"publish","type":"post","link":"https:\/\/www.foodmagazine.ma\/?p=12030","title":{"rendered":"Salon international de l\u2019alimentation d\u2019Abu Dhabi : un rendez-vous pour l\u2019innovation et la coop\u00e9ration agroalimentaire"},"content":{"rendered":"\n<p>La 4<sup>\u00e8me<\/sup>&nbsp;\u00e9dition du Salon international de l\u2019alimentation d\u2019Abu Dhabi (ADIFE) se tiendra du 21 au 23 octobre 2025 au Centre ADNEC, dans le cadre de la Global Food Week. Plac\u00e9 sous le Haut Patronage de Son Altesse le Cheikh Mansour bin Zayed Al Nahyan, Vice-Pr\u00e9sident des \u00c9mirats arabes unis et Pr\u00e9sident de l\u2019Autorit\u00e9 pour l\u2019agriculture et la s\u00e9curit\u00e9 alimentaire d\u2019Abu Dhabi (ADAFSA), l\u2019\u00e9v\u00e9nement se veut une plateforme internationale majeure d\u00e9di\u00e9e \u00e0 l\u2019innovation agroalimentaire. Organis\u00e9 par le groupe ADNEC, en partenariat avec l\u2019ADAFSA, le salon vise \u00e0 rassembler les acteurs cl\u00e9s de l\u2019industrie alimentaire afin de renforcer leur pr\u00e9sence sur les march\u00e9s du Golfe et favoriser les opportunit\u00e9s de coop\u00e9ration commerciale \u00e0 l\u2019\u00e9chelle mondiale.<\/p>\n\n\n\n<p>L\u2019exposition accueillera plusieurs espaces th\u00e9matiques, chacun d\u00e9di\u00e9 \u00e0 un pan strat\u00e9gique du secteur. Le secteur des \u00ab F&amp;B Enablers &amp; Market Leaders \u00bb mettra en lumi\u00e8re les leaders et moteurs d\u2019innovation, tandis que la zone \u00ab Local Food and Beverage \u00bb valorisera la diversit\u00e9 culinaire des \u00c9mirats. L\u2019espace \u00ab International Food and Beverage \u00bb rassemblera des pavillons nationaux, des start-ups internationales et des mod\u00e8les \u00e9conomiques novateurs. Ce format diversifi\u00e9 vise \u00e0 offrir une exp\u00e9rience compl\u00e8te aux visiteurs tout en stimulant les \u00e9changes commerciaux.<\/p>\n\n\n\n<p>Selon Dr Tariq Ahmed Al Ameri, Directeur g\u00e9n\u00e9ral par int\u00e9rim de l\u2019ADAFSA, ce salon joue un r\u00f4le d\u00e9terminant dans la transformation des syst\u00e8mes alimentaires. \u00ab&nbsp;<em>L&#8217;\u00e9v\u00e9nement offre des opportunit\u00e9s pr\u00e9cieuses aux entreprises et fabricants locaux pour d\u00e9couvrir les derni\u00e8res technologies favorisant une manipulation s\u00e9curis\u00e9e des aliments et permettant de maintenir les normes les plus \u00e9lev\u00e9es en mati\u00e8re de sant\u00e9 et de s\u00e9curit\u00e9<\/em>.&nbsp;\u00bb<\/p>\n\n\n\n<p>Cette \u00e9dition proposera \u00e9galement un programme de rencontres d\u2019affaires \u00e0 haute valeur ajout\u00e9e gr\u00e2ce au Hosted Buyer Programme, qui mettra en relation les exposants avec des acheteurs internationaux pr\u00e9s\u00e9lectionn\u00e9s. Ce dispositif inclut des rendez-vous personnalis\u00e9s, des \u00e9v\u00e9nements de speed networking et une plateforme d\u00e9di\u00e9e, afin d\u2019optimiser les opportunit\u00e9s commerciales.<\/p>\n","protected":false},"excerpt":{"rendered":"<p>La 4\u00e8me&nbsp;\u00e9dition du Salon international de l\u2019alimentation d\u2019Abu Dhabi (ADIFE) se tiendra du 21 au 23 octobre 2025 au Centre ADNEC, dans le cadre de la Global Food Week. Plac\u00e9 sous le Haut Patronage de Son Altesse le Cheikh Mansour bin Zayed Al Nahyan, Vice-Pr\u00e9sident des \u00c9mirats arabes unis et Pr\u00e9sident de l\u2019Autorit\u00e9 pour l\u2019agriculture &hellip;<\/p>\n","protected":false},"author":1,"featured_media":12031,"comment_status":"open","ping_status":"closed","sticky":false,"template":"","format":"standard","meta":{"footnotes":""},"categories":[6,3],"tags":[],"class_list":["post-12030","post","type-post","status-publish","format-standard","has-post-thumbnail","","category-a-la-une","category-actus-monde"],"aioseo_notices":[],"_links":{"self":[{"href":"https:\/\/www.foodmagazine.ma\/index.php?rest_route=\/wp\/v2\/posts\/12030","targetHints":{"allow":["GET"]}}],"collection":[{"href":"https:\/\/www.foodmagazine.ma\/index.php?rest_route=\/wp\/v2\/posts"}],"about":[{"href":"https:\/\/www.foodmagazine.ma\/index.php?rest_route=\/wp\/v2\/types\/post"}],"author":[{"embeddable":true,"href":"https:\/\/www.foodmagazine.ma\/index.php?rest_route=\/wp\/v2\/users\/1"}],"replies":[{"embeddable":true,"href":"https:\/\/www.foodmagazine.ma\/index.php?rest_route=%2Fwp%2Fv2%2Fcomments&post=12030"}],"version-history":[{"count":1,"href":"https:\/\/www.foodmagazine.ma\/index.php?rest_route=\/wp\/v2\/posts\/12030\/revisions"}],"predecessor-version":[{"id":12032,"href":"https:\/\/www.foodmagazine.ma\/index.php?rest_route=\/wp\/v2\/posts\/12030\/revisions\/12032"}],"wp:featuredmedia":[{"embeddable":true,"href":"https:\/\/www.foodmagazine.ma\/index.php?rest_route=\/wp\/v2\/media\/12031"}],"wp:attachment":[{"href":"https:\/\/www.foodmagazine.ma\/index.php?rest_route=%2Fwp%2Fv2%2Fmedia&parent=12030"}],"wp:term":[{"taxonomy":"category","embeddable":true,"href":"https:\/\/www.foodmagazine.ma\/index.php?rest_route=%2Fwp%2Fv2%2Fcategories&post=12030"},{"taxonomy":"post_tag","embeddable":true,"href":"https:\/\/www.foodmagazine.ma\/index.php?rest_route=%2Fwp%2Fv2%2Ftags&post=12030"}],"curies":[{"name":"wp","href":"https:\/\/api.w.org\/{rel}","templated":true}]}}