{"id":12229,"date":"2025-11-05T12:38:04","date_gmt":"2025-11-05T11:38:04","guid":{"rendered":"https:\/\/www.foodmagazine.ma\/?p=12229"},"modified":"2025-11-05T12:38:06","modified_gmt":"2025-11-05T11:38:06","slug":"tadarroj-le-gouvernement-elargit-la-formation-par-apprentissage-a-lagriculture-et-a-la-peche-maritime","status":"publish","type":"post","link":"https:\/\/www.foodmagazine.ma\/?p=12229","title":{"rendered":"TADARROJ : le gouvernement \u00e9largit la formation par apprentissage \u00e0 l\u2019agriculture et \u00e0 la p\u00eache maritime"},"content":{"rendered":"\n<p>Pour r\u00e9pondre aux d\u00e9fis de l\u2019emploi des jeunes dans les territoires ruraux et c\u00f4tiers, le gouvernement acc\u00e9l\u00e8re la g\u00e9n\u00e9ralisation de la formation par apprentissage \u00e0 travers le programme \u00ab TADARROJ \u00bb, d\u00e9sormais \u00e9largi aux secteurs de l\u2019agriculture et de la p\u00eache maritime. Une nouvelle \u00e9tape vient d\u2019\u00eatre act\u00e9e avec la signature, le 4 novembre 2025 \u00e0 Mohammedia, de deux conventions d\u2019ex\u00e9cution couvrant la p\u00e9riode 2025-2030.<\/p>\n\n\n\n<p>La c\u00e9r\u00e9monie officielle s\u2019est tenue \u00e0 l\u2019Institut Prince Sidi Mohammed des Techniciens Sp\u00e9cialis\u00e9s en Gestion et Commerce Agricoles et a \u00e9t\u00e9 pr\u00e9sid\u00e9e par M. Ahmed El Bouari, ministre de l\u2019Agriculture, de la P\u00eache maritime, du D\u00e9veloppement rural et des Eaux et For\u00eats, M. Younes Sekkouri, ministre de l\u2019Inclusion \u00e9conomique, de la Petite entreprise, de l\u2019Emploi et des Comp\u00e9tences, et Mme Zakia Driouich, secr\u00e9taire d\u2019\u00c9tat charg\u00e9e de la P\u00eache maritime. L\u2019\u00e9v\u00e9nement a r\u00e9uni responsables institutionnels, acteurs professionnels, \u00e9lus et partenaires r\u00e9gionaux, confirmant l\u2019enjeu national de faire de l\u2019apprentissage un levier structurant d\u2019acc\u00e8s \u00e0 l\u2019emploi pour les jeunes.<\/p>\n\n\n\n<p>Cette initiative s\u2019inscrit dans le cadre des Hautes Orientations Royales de Sa Majest\u00e9 le Roi Mohammed VI, qui placent la jeunesse, la formation et la qualification des comp\u00e9tences au c\u0153ur du d\u00e9veloppement \u00e9conomique et social du Royaume. \u00c0 travers \u00ab TADARROJ \u00bb, le gouvernement vise \u00e0 former 17 000 jeunes par an selon un mod\u00e8le alternant pratique en entreprise (80 %) et formation en centre (20 %).<\/p>\n\n\n\n<p><strong>Un dispositif cibl\u00e9 pour deux secteurs strat\u00e9giques<\/strong><\/p>\n\n\n\n<p>Dans l\u2019agriculture, le programme pr\u00e9voit la formation de 15 000 apprentis par an au sein des \u00c9tablissements de Formation Professionnelle Agricole (EFPA). Il cible des profils vari\u00e9s : jeunes exploitants, ouvriers qualifi\u00e9s, techniciens sp\u00e9cialis\u00e9s, responsables de production ou futurs entrepreneurs de la transformation agroalimentaire. L\u2019objectif est d\u2019accompagner la mont\u00e9e en comp\u00e9tences des fili\u00e8res v\u00e9g\u00e9tales et animales, et de soutenir l\u2019\u00e9mergence d\u2019une nouvelle g\u00e9n\u00e9ration d\u2019agriculteurs qualifi\u00e9s, autonomes et comp\u00e9titifs.<\/p>\n\n\n\n<p>Dans la p\u00eache maritime, la premi\u00e8re ann\u00e9e formera 1 600 apprentis, avant un passage \u00e0 2 000 apprentis par an \u00e0 partir de 2026. Les formations seront assur\u00e9es au sein des Instituts de Technologie des P\u00eaches Maritimes (ITPM) et des Centres de Qualification Professionnelle Maritimes (CQPM), implant\u00e9s sur l\u2019ensemble du littoral national. Le dispositif vise \u00e0 moderniser les m\u00e9tiers de la mer, renforcer la s\u00e9curit\u00e9 des \u00e9quipages, am\u00e9liorer la qualit\u00e9 et la tra\u00e7abilit\u00e9 des produits et accompagner la transition vers une \u00e9conomie bleue durable.<\/p>\n\n\n\n<figure class=\"wp-block-embed is-type-video is-provider-youtube wp-block-embed-youtube wp-embed-aspect-16-9 wp-has-aspect-ratio\"><div class=\"wp-block-embed__wrapper\">\nhttps:\/\/youtu.be\/OdfDzuKRZJY?si=dmeNVQYT8fr_X6PK\n<\/div><\/figure>\n\n\n\n<p><\/p>\n\n\n\n<p><strong>Un financement d\u00e9di\u00e9 et une gouvernance multisectorielle<\/strong><\/p>\n\n\n\n<p>Les deux conventions pr\u00e9voient la mobilisation de :<\/p>\n\n\n\n<ul class=\"wp-block-list\">\n<li>375 millions de dirhams pour la formation agricole,<\/li>\n\n\n\n<li>48 millions de dirhams pour la formation d\u00e9di\u00e9e \u00e0 la p\u00eache maritime.<\/li>\n<\/ul>\n\n\n\n<p>Les d\u00e9partements de l\u2019Agriculture et de la P\u00eache assureront la mise \u00e0 disposition des moyens humains, mat\u00e9riels et p\u00e9dagogiques ; le minist\u00e8re de la Formation professionnelle financera le dispositif ; l\u2019ANAPEC supervisera le recrutement des apprentis, la mobilisation des entreprises d\u2019accueil et l\u2019insertion professionnelle des dipl\u00f4m\u00e9s.<\/p>\n\n\n\n<p>Le pilotage du programme est structur\u00e9 en deux niveaux :<\/p>\n\n\n\n<ul class=\"wp-block-list\">\n<li>Un comit\u00e9 national, charg\u00e9 de la coordination, du suivi et de l\u2019\u00e9valuation,<\/li>\n<\/ul>\n\n\n\n<ul class=\"wp-block-list\">\n<li>Des comit\u00e9s r\u00e9gionaux, responsables du d\u00e9ploiement op\u00e9rationnel et de l\u2019adaptation aux sp\u00e9cificit\u00e9s territoriales.<\/li>\n<\/ul>\n\n\n\n<p><strong>Vers une nouvelle g\u00e9n\u00e9ration de formation professionnelle<\/strong><\/p>\n\n\n\n<figure class=\"wp-block-image size-full\"><img loading=\"lazy\" decoding=\"async\" width=\"1000\" height=\"500\" src=\"https:\/\/www.foodmagazine.ma\/wp-content\/uploads\/2025\/11\/WhatsApp-Image-2025-11-04-at-16.49.21.jpg\" alt=\"\" class=\"wp-image-12231\" srcset=\"https:\/\/www.foodmagazine.ma\/wp-content\/uploads\/2025\/11\/WhatsApp-Image-2025-11-04-at-16.49.21.jpg 1000w, https:\/\/www.foodmagazine.ma\/wp-content\/uploads\/2025\/11\/WhatsApp-Image-2025-11-04-at-16.49.21-300x150.jpg 300w, https:\/\/www.foodmagazine.ma\/wp-content\/uploads\/2025\/11\/WhatsApp-Image-2025-11-04-at-16.49.21-768x384.jpg 768w, https:\/\/www.foodmagazine.ma\/wp-content\/uploads\/2025\/11\/WhatsApp-Image-2025-11-04-at-16.49.21-660x330.jpg 660w\" sizes=\"auto, (max-width: 1000px) 100vw, 1000px\" \/><\/figure>\n\n\n\n<p><\/p>\n\n\n\n<p>Les formations propos\u00e9es int\u00e9greront des modules actualis\u00e9s portant sur la digitalisation, l\u2019innovation agroalimentaire, la tra\u00e7abilit\u00e9 des produits de la mer, les comp\u00e9tences vertes, la gestion durable des ressources et la souverainet\u00e9 alimentaire.<\/p>\n\n\n\n<p>L\u2019approche repose sur un principe fort : former sur le terrain, au contact des m\u00e9tiers et des besoins r\u00e9els du march\u00e9, plut\u00f4t qu\u2019en salle.<\/p>\n\n\n\n<p>\u00c0 travers cette nouvelle phase du programme \u00ab TADARROJ \u00bb, le gouvernement ambitionne de transformer l\u2019apprentissage en v\u00e9ritable passerelle vers l\u2019employabilit\u00e9, tout en renfor\u00e7ant la valeur ajout\u00e9e des territoires agricoles et halieutiques.<\/p>\n","protected":false},"excerpt":{"rendered":"<p>Pour r\u00e9pondre aux d\u00e9fis de l\u2019emploi des jeunes dans les territoires ruraux et c\u00f4tiers, le gouvernement acc\u00e9l\u00e8re la g\u00e9n\u00e9ralisation de la formation par apprentissage \u00e0 travers le programme \u00ab TADARROJ \u00bb, d\u00e9sormais \u00e9largi aux secteurs de l\u2019agriculture et de la p\u00eache maritime. Une nouvelle \u00e9tape vient d\u2019\u00eatre act\u00e9e avec la signature, le 4 novembre 2025 &hellip;<\/p>\n","protected":false},"author":1,"featured_media":12230,"comment_status":"open","ping_status":"closed","sticky":false,"template":"","format":"standard","meta":{"footnotes":""},"categories":[6,2],"tags":[],"class_list":["post-12229","post","type-post","status-publish","format-standard","has-post-thumbnail","","category-a-la-une","category-actus-maroc"],"aioseo_notices":[],"_links":{"self":[{"href":"https:\/\/www.foodmagazine.ma\/index.php?rest_route=\/wp\/v2\/posts\/12229","targetHints":{"allow":["GET"]}}],"collection":[{"href":"https:\/\/www.foodmagazine.ma\/index.php?rest_route=\/wp\/v2\/posts"}],"about":[{"href":"https:\/\/www.foodmagazine.ma\/index.php?rest_route=\/wp\/v2\/types\/post"}],"author":[{"embeddable":true,"href":"https:\/\/www.foodmagazine.ma\/index.php?rest_route=\/wp\/v2\/users\/1"}],"replies":[{"embeddable":true,"href":"https:\/\/www.foodmagazine.ma\/index.php?rest_route=%2Fwp%2Fv2%2Fcomments&post=12229"}],"version-history":[{"count":1,"href":"https:\/\/www.foodmagazine.ma\/index.php?rest_route=\/wp\/v2\/posts\/12229\/revisions"}],"predecessor-version":[{"id":12232,"href":"https:\/\/www.foodmagazine.ma\/index.php?rest_route=\/wp\/v2\/posts\/12229\/revisions\/12232"}],"wp:featuredmedia":[{"embeddable":true,"href":"https:\/\/www.foodmagazine.ma\/index.php?rest_route=\/wp\/v2\/media\/12230"}],"wp:attachment":[{"href":"https:\/\/www.foodmagazine.ma\/index.php?rest_route=%2Fwp%2Fv2%2Fmedia&parent=12229"}],"wp:term":[{"taxonomy":"category","embeddable":true,"href":"https:\/\/www.foodmagazine.ma\/index.php?rest_route=%2Fwp%2Fv2%2Fcategories&post=12229"},{"taxonomy":"post_tag","embeddable":true,"href":"https:\/\/www.foodmagazine.ma\/index.php?rest_route=%2Fwp%2Fv2%2Ftags&post=12229"}],"curies":[{"name":"wp","href":"https:\/\/api.w.org\/{rel}","templated":true}]}}