{"id":12501,"date":"2025-12-05T12:33:22","date_gmt":"2025-12-05T11:33:22","guid":{"rendered":"https:\/\/www.foodmagazine.ma\/?p=12501"},"modified":"2025-12-05T12:33:25","modified_gmt":"2025-12-05T11:33:25","slug":"job-fair-2025-luniversite-mundiapolis-prepare-les-etudiants-aux-metiers-de-demain","status":"publish","type":"post","link":"https:\/\/www.foodmagazine.ma\/?p=12501","title":{"rendered":"Job Fair 2025 : l\u2019Universit\u00e9 Mundiapolis pr\u00e9pare les \u00e9tudiants aux m\u00e9tiers de demain"},"content":{"rendered":"\n<p>L&#8217;Universit\u00e9 Mundiapolis a organis\u00e9, le 4 d\u00e9cembre sur le campus Casa Anfa, la 15<sup>\u00e8me<\/sup>&nbsp;\u00e9dition de son Job Fair, en collaboration avec le Club des Femmes DRH. Plac\u00e9 sous le th\u00e8me \u00ab Connecter Talents et IA pour les opportunit\u00e9s de demain \u00bb, l&#8217;\u00e9v\u00e9nement a rassembl\u00e9 \u00e9tudiants, recruteurs, dirigeants et responsables RH pour \u00e9changer sur les comp\u00e9tences de demain. Le forum a confirm\u00e9 le r\u00f4le de l&#8217;universit\u00e9 dans la pr\u00e9paration des jeunes aux \u00e9volutions du march\u00e9 de l&#8217;emploi et leur a offert l&#8217;opportunit\u00e9 de rencontrer directement les d\u00e9cideurs afin de mieux comprendre les attentes des entreprises.&nbsp;<\/p>\n\n\n\n<p>Pr. Abdelmounim Belalia, Directeur G\u00e9n\u00e9ral de l&#8217;Universit\u00e9, a soulign\u00e9 que le Job Fair offre aux \u00e9tudiants une opportunit\u00e9 cl\u00e9 de rencontrer les d\u00e9cideurs et de mieux appr\u00e9hender les exigences du march\u00e9 de l&#8217;emploi. \u00ab&nbsp;<em>C&#8217;est aussi l&#8217;occasion de consolider la relation que l&#8217;Universit\u00e9 Mundiapolis entretient avec les entreprises et le tissu socio-\u00e9conomique de notre pays en g\u00e9n\u00e9ral pour des formations adapt\u00e9es aux r\u00e9alit\u00e9s du march\u00e9 de travail<\/em>. \u00bb<\/p>\n\n\n\n<p>Mme Wassila Kara,&nbsp;Fondatrice du Club des Femmes DRH et invit\u00e9e d&#8217;honneur, a salu\u00e9 le forum pour sa capacit\u00e9 \u00e0 cr\u00e9er des passerelles entre jeunes talents et d\u00e9cideurs RH, elle a soulign\u00e9 l\u2019importance du leadership f\u00e9minin, de la diversit\u00e9 et de l\u2019\u00e9volution des pratiques manag\u00e9riales.<\/p>\n\n\n\n<p>Le forum a offert aux \u00e9tudiants des rencontres directes avec les entreprises, dont la 7<sup>\u00e8me<\/sup>&nbsp;\u00e9dition du Job Dating o\u00f9 30 \u00e9tudiants ont pr\u00e9sent\u00e9 leurs projets \u00e0 un jury de professionnels, ouvrant des opportunit\u00e9s concr\u00e8tes de stages et d\u2019emploi. La signature de nouveaux partenariats avec des entreprises a renforc\u00e9 le r\u00f4le du forum comme catalyseur entre le monde acad\u00e9mique et \u00e9conomique. Cette \u00e9dition a confirm\u00e9 la capacit\u00e9 de l\u2019Universit\u00e9 Mundiapolis \u00e0 anticiper les besoins du march\u00e9, notamment en mati\u00e8re d\u2019IA, de soft skills et d\u2019\u00e9volution des m\u00e9tiers, et \u00e0 offrir de r\u00e9elles perspectives d\u2019insertion professionnelle \u00e0 ses \u00e9tudiants.<\/p>\n","protected":false},"excerpt":{"rendered":"<p>L&#8217;Universit\u00e9 Mundiapolis a organis\u00e9, le 4 d\u00e9cembre sur le campus Casa Anfa, la 15\u00e8me&nbsp;\u00e9dition de son Job Fair, en collaboration avec le Club des Femmes DRH. Plac\u00e9 sous le th\u00e8me \u00ab Connecter Talents et IA pour les opportunit\u00e9s de demain \u00bb, l&#8217;\u00e9v\u00e9nement a rassembl\u00e9 \u00e9tudiants, recruteurs, dirigeants et responsables RH pour \u00e9changer sur les comp\u00e9tences &hellip;<\/p>\n","protected":false},"author":1,"featured_media":12502,"comment_status":"open","ping_status":"closed","sticky":false,"template":"","format":"standard","meta":{"footnotes":""},"categories":[6,2],"tags":[],"class_list":["post-12501","post","type-post","status-publish","format-standard","has-post-thumbnail","","category-a-la-une","category-actus-maroc"],"aioseo_notices":[],"_links":{"self":[{"href":"https:\/\/www.foodmagazine.ma\/index.php?rest_route=\/wp\/v2\/posts\/12501","targetHints":{"allow":["GET"]}}],"collection":[{"href":"https:\/\/www.foodmagazine.ma\/index.php?rest_route=\/wp\/v2\/posts"}],"about":[{"href":"https:\/\/www.foodmagazine.ma\/index.php?rest_route=\/wp\/v2\/types\/post"}],"author":[{"embeddable":true,"href":"https:\/\/www.foodmagazine.ma\/index.php?rest_route=\/wp\/v2\/users\/1"}],"replies":[{"embeddable":true,"href":"https:\/\/www.foodmagazine.ma\/index.php?rest_route=%2Fwp%2Fv2%2Fcomments&post=12501"}],"version-history":[{"count":1,"href":"https:\/\/www.foodmagazine.ma\/index.php?rest_route=\/wp\/v2\/posts\/12501\/revisions"}],"predecessor-version":[{"id":12503,"href":"https:\/\/www.foodmagazine.ma\/index.php?rest_route=\/wp\/v2\/posts\/12501\/revisions\/12503"}],"wp:featuredmedia":[{"embeddable":true,"href":"https:\/\/www.foodmagazine.ma\/index.php?rest_route=\/wp\/v2\/media\/12502"}],"wp:attachment":[{"href":"https:\/\/www.foodmagazine.ma\/index.php?rest_route=%2Fwp%2Fv2%2Fmedia&parent=12501"}],"wp:term":[{"taxonomy":"category","embeddable":true,"href":"https:\/\/www.foodmagazine.ma\/index.php?rest_route=%2Fwp%2Fv2%2Fcategories&post=12501"},{"taxonomy":"post_tag","embeddable":true,"href":"https:\/\/www.foodmagazine.ma\/index.php?rest_route=%2Fwp%2Fv2%2Ftags&post=12501"}],"curies":[{"name":"wp","href":"https:\/\/api.w.org\/{rel}","templated":true}]}}