{"id":12585,"date":"2025-12-11T14:28:28","date_gmt":"2025-12-11T13:28:28","guid":{"rendered":"https:\/\/www.foodmagazine.ma\/?p=12585"},"modified":"2025-12-11T16:57:08","modified_gmt":"2025-12-11T15:57:08","slug":"messe-dusseldorf-le-caire-devoile-les-enjeux-de-2026-et-amorce-lere-interpack-mena","status":"publish","type":"post","link":"https:\/\/www.foodmagazine.ma\/?p=12585","title":{"rendered":"Messe D\u00fcsseldorf : Le Caire d\u00e9voile les enjeux de 2026 et amorce l\u2019\u00e8re Interpack MENA"},"content":{"rendered":"\n<p>Les organisateurs d\u2019Interpack 2026, pr\u00e9vu du 7 au 13 mai \u00e0 D\u00fcsseldorf, ont d\u00e9voil\u00e9 les grandes transformations de cette prochaine \u00e9dition lors d\u2019une conf\u00e9rence de presse organis\u00e9e par Messe D\u00fcsseldorf, ce 10 d\u00e9cembre 2025 au Caire. Cet \u00e9v\u00e9nement a constitu\u00e9 un moment fort pour l\u2019\u00e9cosyst\u00e8me du Processing &amp; Packaging, marqu\u00e9 notamment par la mont\u00e9e en puissance du salon r\u00e9gional Pacprocess MEA, qui se tient annuellement au Caire&nbsp;qui devient d\u00e9sormais Interpack MENA (Interpack Middle East Africa).<\/p>\n\n\n\n<p>La conf\u00e9rence qui s\u2019est tenue \u00e0 l\u2019Egypt International Exhibition Center, a r\u00e9uni industriels, experts, d\u00e9l\u00e9gations institutionnelles et m\u00e9dias autour d\u2019un programme dense, rythm\u00e9 par des pr\u00e9sentations techniques, des analyses sectorielles et des t\u00e9moignages d\u2019industriels.<\/p>\n\n\n\n<p><strong>Une vision renouvel\u00e9e du packaging<\/strong><\/p>\n\n\n\n<figure class=\"wp-block-image size-full\"><img loading=\"lazy\" decoding=\"async\" width=\"1000\" height=\"500\" src=\"https:\/\/www.foodmagazine.ma\/wp-content\/uploads\/2025\/12\/WhatsApp-Image-2025-12-11-at-14.19.23-1.jpg\" alt=\"\" class=\"wp-image-12586\" srcset=\"https:\/\/www.foodmagazine.ma\/wp-content\/uploads\/2025\/12\/WhatsApp-Image-2025-12-11-at-14.19.23-1.jpg 1000w, https:\/\/www.foodmagazine.ma\/wp-content\/uploads\/2025\/12\/WhatsApp-Image-2025-12-11-at-14.19.23-1-300x150.jpg 300w, https:\/\/www.foodmagazine.ma\/wp-content\/uploads\/2025\/12\/WhatsApp-Image-2025-12-11-at-14.19.23-1-768x384.jpg 768w, https:\/\/www.foodmagazine.ma\/wp-content\/uploads\/2025\/12\/WhatsApp-Image-2025-12-11-at-14.19.23-1-660x330.jpg 660w\" sizes=\"auto, (max-width: 1000px) 100vw, 1000px\" \/><\/figure>\n\n\n\n<p><\/p>\n\n\n\n<p>L\u2019ouverture de la session a \u00e9t\u00e9 marqu\u00e9e par l\u2019intervention de Moritz Cleff, Co-CEO de DE International Egypt LLC, dans un contexte de profondes mutations qui red\u00e9finissent les \u00e9quilibres du secteur. Interpack 2026 s\u2019inscrit dans un environnement mondial travers\u00e9 par des dynamiques complexes, o\u00f9 l\u2019industrie du packaging se trouve confront\u00e9e \u00e0 une combinaison de d\u00e9fis majeurs, croissance d\u00e9mographique, urbanisation rapide, \u00e9volution des modes de consommation, pressions r\u00e9glementaires, raret\u00e9 des ressources, tensions g\u00e9opolitiques et p\u00e9nurie de talents, imposant une adaptation continue des mod\u00e8les industriels.<\/p>\n\n\n\n<p>La transformation officielle de Pacprocess MEA en Interpack MENA a \u00e9galement \u00e9t\u00e9 annonc\u00e9e, cette \u00e9volution \u00e9tant pr\u00e9sent\u00e9e comme un levier essentiel pour renforcer les synergies entre les march\u00e9s d\u2019Afrique et du Moyen-Orient et le salon mondial de D\u00fcsseldorf, tout en facilitant l\u2019acc\u00e8s des industriels r\u00e9gionaux aux technologies, innovations et r\u00e9seaux internationaux.<\/p>\n\n\n\n<p>L\u2019ampleur d\u2019Interpack a \u00e9t\u00e9 illustr\u00e9e \u00e0 travers la diffusion d\u2019un film institutionnel, suivie d\u2019une comparaison marquante : les 300 000 m\u00b2 du salon ont \u00e9t\u00e9 rapproch\u00e9s de la superficie du Louvre \u00e0 Paris, une image destin\u00e9e \u00e0 souligner sa dimension exceptionnelle. Avec plus de 2 800 exposants issus de plus de 60 pays, Interpack a \u00e9t\u00e9 d\u00e9crit comme une plateforme incontournable pour la diffusion des innovations et la convergence des leaders mondiaux du Processing &amp; Packaging.<\/p>\n\n\n\n<p>\u00ab&nbsp;<em>Interpack r\u00e9unit les derni\u00e8res technologies du monde et ouvre des march\u00e9s auxquels nous n\u2019aurions jamais eu acc\u00e8s autrement<\/em>&nbsp;\u00bb, a-t-il rappel\u00e9, en insistant sur le r\u00f4le strat\u00e9gique du salon.<\/p>\n\n\n\n<p><strong>Renforcer l\u2019attractivit\u00e9 du secteur<\/strong><\/p>\n\n\n\n<figure class=\"wp-block-image size-full\"><img loading=\"lazy\" decoding=\"async\" width=\"1000\" height=\"500\" src=\"https:\/\/www.foodmagazine.ma\/wp-content\/uploads\/2025\/12\/WhatsApp-Image-2025-12-11-at-14.19.24.jpg\" alt=\"\" class=\"wp-image-12589\" srcset=\"https:\/\/www.foodmagazine.ma\/wp-content\/uploads\/2025\/12\/WhatsApp-Image-2025-12-11-at-14.19.24.jpg 1000w, https:\/\/www.foodmagazine.ma\/wp-content\/uploads\/2025\/12\/WhatsApp-Image-2025-12-11-at-14.19.24-300x150.jpg 300w, https:\/\/www.foodmagazine.ma\/wp-content\/uploads\/2025\/12\/WhatsApp-Image-2025-12-11-at-14.19.24-768x384.jpg 768w, https:\/\/www.foodmagazine.ma\/wp-content\/uploads\/2025\/12\/WhatsApp-Image-2025-12-11-at-14.19.24-660x330.jpg 660w\" sizes=\"auto, (max-width: 1000px) 100vw, 1000px\" \/><figcaption class=\"wp-element-caption\"><em>Thomas Dohse ,Directeur Interpack Portfolio \u2013 Messe D\u00fcsseldorf<\/em><\/figcaption><\/figure>\n\n\n\n<p><\/p>\n\n\n\n<p>Dans un secteur en qu\u00eate de renouvellement et d\u2019ouverture, les orientations strat\u00e9giques d\u00e9di\u00e9es aux talents et \u00e0 l\u2019exp\u00e9rience visiteurs ont \u00e9t\u00e9 mises en avant lors de l\u2019intervention de Thomas Dohse, Director Interpack Portfolio. Celui-ci a soulign\u00e9 une priorit\u00e9 majeure : renforcer l\u2019attractivit\u00e9 de l\u2019industrie du Processing &amp; Packaging aupr\u00e8s des nouvelles g\u00e9n\u00e9rations.<\/p>\n\n\n\n<p>Un programme d\u2019ambassadeurs compos\u00e9 de jeunes professionnels a ainsi \u00e9t\u00e9 pr\u00e9sent\u00e9, avec pour mission de promouvoir les opportunit\u00e9s de carri\u00e8re offertes par le secteur. La question de la diversit\u00e9 a \u00e9galement \u00e9t\u00e9 mise en exergue, notamment la n\u00e9cessit\u00e9 d\u2019accro\u00eetre la pr\u00e9sence f\u00e9minine dans une fili\u00e8re encore largement masculine. \u00c0 ce titre, il a \u00e9t\u00e9 rappel\u00e9 que \u00ab&nbsp;<em>ici, nous sommes presque 50-50 dans la salle, mais dans les halls du salon, c\u2019est plut\u00f4t 80 % d\u2019hommes pour 20 % de femmes<\/em>&nbsp;\u00bb. L\u2019\u00e9v\u00e9nement&nbsp;<em>Women in Packaging<\/em>, cr\u00e9\u00e9 en 2023, sera reconduit en 2026 et le mod\u00e8le s\u2019impose progressivement dans d\u2019autres salons professionnels.<\/p>\n\n\n\n<p>L\u2019organisation du salon a par ailleurs \u00e9t\u00e9 d\u00e9crite comme enti\u00e8rement repens\u00e9e afin d\u2019am\u00e9liorer l\u2019exp\u00e9rience visiteurs. L\u2019int\u00e9gralit\u00e9 des 300 000 m\u00b2 du site sera mobilis\u00e9e, avec une structuration par zones permettant une orientation simplifi\u00e9e : les halls verts d\u00e9di\u00e9s \u00e0 la pharma et \u00e0 la cosm\u00e9tique, les halls violets consacr\u00e9s \u00e0 la confiserie, aux snacks et \u00e0 la boulangerie, et les halls jaunes rassemblant les mat\u00e9riaux d\u2019emballage, avec pr\u00e8s de 1 000 exposants.<\/p>\n\n\n\n<p>Les espaces strat\u00e9giques du salon ont \u00e9galement \u00e9t\u00e9 pr\u00e9cis\u00e9s, notamment la&nbsp;<em>Start-Up Zone<\/em>&nbsp;au Hall 7A avec des acteurs tels que Vax Solutions (rev\u00eatements biosourc\u00e9s) et P-Rocks (syst\u00e8mes d\u2019assistance auto-apprenant), la&nbsp;<em>Special Show Components<\/em>&nbsp;d\u00e9di\u00e9e aux moteurs, capteurs et composants, ainsi que le&nbsp;<em>Spotlight Forum<\/em>, d\u00e9clin\u00e9 en sept journ\u00e9es th\u00e9matiques regroupant panels, conf\u00e9rences et interviews.<\/p>\n\n\n\n<p><strong>Transitions technologiques&nbsp;<\/strong><\/p>\n\n\n\n<figure class=\"wp-block-image size-full\"><img loading=\"lazy\" decoding=\"async\" width=\"1000\" height=\"500\" src=\"https:\/\/www.foodmagazine.ma\/wp-content\/uploads\/2025\/12\/WhatsApp-Image-2025-12-11-at-14.19.24-1.jpg\" alt=\"\" class=\"wp-image-12588\" srcset=\"https:\/\/www.foodmagazine.ma\/wp-content\/uploads\/2025\/12\/WhatsApp-Image-2025-12-11-at-14.19.24-1.jpg 1000w, https:\/\/www.foodmagazine.ma\/wp-content\/uploads\/2025\/12\/WhatsApp-Image-2025-12-11-at-14.19.24-1-300x150.jpg 300w, https:\/\/www.foodmagazine.ma\/wp-content\/uploads\/2025\/12\/WhatsApp-Image-2025-12-11-at-14.19.24-1-768x384.jpg 768w, https:\/\/www.foodmagazine.ma\/wp-content\/uploads\/2025\/12\/WhatsApp-Image-2025-12-11-at-14.19.24-1-660x330.jpg 660w\" sizes=\"auto, (max-width: 1000px) 100vw, 1000px\" \/><figcaption class=\"wp-element-caption\"><em>Richard Clemens, Managing Director \u2013 VDMA<\/em><\/figcaption><\/figure>\n\n\n\n<p><\/p>\n\n\n\n<p>Alors que la transformation num\u00e9rique s\u2019impose comme un levier structurant pour l\u2019industrie, les grandes orientations technologiques ont \u00e9t\u00e9 d\u00e9taill\u00e9es lors de l\u2019intervention de Richard Clemens, Managing Director au VDMA. Les tendances majeures qui red\u00e9finissent aujourd\u2019hui le secteur ont ainsi \u00e9t\u00e9 pr\u00e9sent\u00e9es, en mettant en avant le r\u00f4le central des solutions digitales dans l\u2019am\u00e9lioration des performances et la r\u00e9duction de l\u2019impact environnemental.<\/p>\n\n\n\n<p>Il a \u00e9t\u00e9 expliqu\u00e9 que les solutions num\u00e9riques permettent d\u00e9sormais de r\u00e9duire drastiquement les volumes de d\u00e9chets, d\u2019optimiser les proc\u00e9d\u00e9s de fabrication et de mieux r\u00e9pondre aux exigences croissantes en durabilit\u00e9. Les jumeaux num\u00e9riques ont \u00e9t\u00e9 d\u00e9crits comme de \u00ab&nbsp;<em>v\u00e9ritables simulateurs de vol pour les usines<\/em>&nbsp;\u00bb, offrant aux op\u00e9rateurs la possibilit\u00e9 de se former sur des r\u00e9pliques virtuelles de machines avant toute intervention r\u00e9elle, ce qui diminue les risques et maximise l\u2019efficacit\u00e9 industrielle.<\/p>\n\n\n\n<p>L\u2019importance croissante des donn\u00e9es a \u00e9galement \u00e9t\u00e9 soulign\u00e9e, qualifi\u00e9es de \u00ab le nouvel or \u00bb, avec le rappel que la capacit\u00e9 des industriels \u00e0 \u00ab&nbsp;<em>convertir les donn\u00e9es machines en donn\u00e9es business \u00bb&nbsp;<\/em>constitue d\u00e9sormais un \u00e9l\u00e9ment cl\u00e9 de comp\u00e9titivit\u00e9. Il a \u00e9t\u00e9 pr\u00e9cis\u00e9 que l\u2019intelligence artificielle, la connectivit\u00e9 et les syst\u00e8mes pr\u00e9dictifs continueront de transformer en profondeur les cha\u00eenes de valeur.<\/p>\n\n\n\n<p><strong>L\u2019\u00c9gypte face aux d\u00e9fis mondiaux<\/strong><\/p>\n\n\n\n<p>Dans une dynamique d\u2019ouverture internationale croissante, la strat\u00e9gie d\u2019int\u00e9gration du secteur \u00e9gyptien de l\u2019impression et de l\u2019emballage a \u00e9t\u00e9 pr\u00e9sent\u00e9e par Nadim Elias, pr\u00e9sident de l\u2019Egyptian Export Council for Printing and Packaging. Cette orientation a \u00e9t\u00e9 d\u00e9crite comme un levier essentiel pour renforcer la comp\u00e9titivit\u00e9 industrielle du pays.<\/p>\n\n\n\n<p>Le r\u00f4le majeur d\u2019Interpack D\u00fcsseldorf et d\u2019Interpack MENA a \u00e9t\u00e9 soulign\u00e9, ces salons \u00e9tant consid\u00e9r\u00e9s comme des plateformes capables d\u2019acc\u00e9l\u00e9rer la modernisation du secteur, de stimuler les exportations et de connecter les entreprises \u00e9gyptiennes aux derni\u00e8res innovations mondiales. Il a \u00e9t\u00e9 rappel\u00e9 que ces \u00e9v\u00e9nements facilitent un acc\u00e8s direct aux technologies de pointe et aux r\u00e9seaux professionnels internationaux.<\/p>\n\n\n\n<p>En mobilisant l\u2019exp\u00e9rience acquise lors des pr\u00e9c\u00e9dentes participations, les organisateurs ont indiqu\u00e9 que les salons internationaux constituent des espaces incontournables pour conqu\u00e9rir de nouveaux march\u00e9s et consolider la pr\u00e9sence de l\u2019\u00c9gypte dans les cha\u00eenes de valeur mondiales. \u00ab&nbsp;<em>Les salons internationaux constituent des plateformes essentielles pour acc\u00e9der \u00e0 de nouveaux march\u00e9s et consolider la pr\u00e9sence de l\u2019\u00c9gypte dans les cha\u00eenes de valeur globales<\/em>&nbsp;\u00bb, a-t-il insist\u00e9, en soulignant l\u2019importance strat\u00e9gique de ces rendez-vous pour l\u2019industrie.<\/p>\n\n\n\n<p><strong>Cubii : un industriel en pleine expansion se pr\u00e9pare \u00e0 exposer \u00e0 Interpack<\/strong><\/p>\n\n\n\n<p>L\u2019un des moments marquants de la conf\u00e9rence fut l\u2019intervention d\u2019Aly Abuzaid, CEO de Cubii, qui a partag\u00e9 l\u2019\u00e9volution rapide de son entreprise. Fond\u00e9e en 2009, Cubii s\u2019est impos\u00e9e comme l\u2019un des principaux fabricants de lignes de production pour les produits m\u00e9nagers et de nettoyage en \u00c9gypte, collaborant avec des acteurs tels qu\u2019Almarai, Arma et plusieurs leaders du march\u00e9.<\/p>\n\n\n\n<p>L\u2019entreprise exporte aujourd\u2019hui vers plus de neuf pays africains, dont le Kenya, l\u2019Ouganda, le Soudan et la Libye. Gr\u00e2ce \u00e0 une \u00e9quipe technique exp\u00e9riment\u00e9e d\u00e9ploy\u00e9e sur diff\u00e9rents march\u00e9s, Cubii renforce progressivement sa pr\u00e9sence internationale.<\/p>\n\n\n\n<p>Ancien visiteur d\u2019Interpack, Abuzaid reviendra cette fois en tant qu\u2019exposant. Il a salu\u00e9 l\u2019importance strat\u00e9gique du salon : \u00ab&nbsp;<em>Interpack r\u00e9unit les derni\u00e8res technologies du monde et ouvre des march\u00e9s auxquels nous n\u2019aurions jamais eu acc\u00e8s autrement<\/em>. \u00bb&nbsp;<\/p>\n\n\n\n<p>Cubii pr\u00e9voit d\u2019\u00e9largir ses activit\u00e9s vers l\u2019Europe et les \u00c9tats-Unis, avec l\u2019objectif d\u2019installer certaines lignes de production localement afin de se conformer aux normes r\u00e9gionales et d\u2019exporter vers de nouveaux march\u00e9s.<\/p>\n\n\n\n<p>Il a conclu: \u00ab&nbsp;<em>Une grande opportunit\u00e9 pour d\u00e9couvrir les march\u00e9s mondiaux et construire de nouveaux partenariats<\/em>&nbsp;\u00bb, soulignant l\u2019int\u00e9r\u00eat particulier d\u2019Interpack pour les industriels \u00e9gyptiens.<\/p>\n\n\n\n<p><strong>Perceptions des visiteurs : un salon per\u00e7u comme incontournable<\/strong><\/p>\n\n\n\n<p>Les t\u00e9moignages des anciens visiteurs pr\u00e9sents au Caire convergent : Interpack est unanimement consid\u00e9r\u00e9 comme un \u00e9v\u00e9nement unique o\u00f9 l\u2019ensemble de l\u2019\u00e9cosyst\u00e8me du packaging, fournisseurs, clients, ing\u00e9nieurs, experts, d\u00e9cideurs, se retrouve sous un m\u00eame toit.<\/p>\n\n\n\n<p>Beaucoup appr\u00e9cient la possibilit\u00e9 d\u2019obtenir rapidement informations, d\u00e9monstrations, devis et solutions techniques. L\u2019atmosph\u00e8re d\u2019\u00e9change est l\u2019une des forces du salon : Experts accessibles, d\u00e9monstrations de machines en fonctionnement, partage de retours d\u2019exp\u00e9rience, cr\u00e9ation de nouveaux partenariats et m\u00eame de nouvelles amiti\u00e9s professionnelles.<\/p>\n\n\n\n<p>Les visiteurs mettent \u00e9galement en avant la dimension mondiale du salon, sa capacit\u00e9 \u00e0 r\u00e9v\u00e9ler les tendances \u00e9mergentes, notamment en mati\u00e8re de packaging durable, sujet central pour l\u2019industrie.<\/p>\n\n\n\n<p><strong>La participation marocaine : l\u2019accompagnement de la Chambre Allemande de Commerce<\/strong><\/p>\n\n\n\n<figure class=\"wp-block-embed is-type-video is-provider-youtube wp-block-embed-youtube wp-embed-aspect-16-9 wp-has-aspect-ratio\"><div class=\"wp-block-embed__wrapper\">\nhttps:\/\/youtu.be\/_e8eaWjKaCA?si=zkTGAT_dz05JNk_p\n<\/div><\/figure>\n\n\n\n<p><\/p>\n\n\n\n<p>Dans la continuit\u00e9 des \u00e9changes consacr\u00e9s \u00e0 l\u2019ouverture internationale, l\u2019accompagnement des entreprises marocaines a \u00e9t\u00e9 mis en avant par Khadija Mahmoudi, Directrice du D\u00e9partement Foire et Salons \u00e0 la Chambre Allemande de Commerce et d\u2019Industrie au Maroc (AHK). Elle a rappel\u00e9 que la Chambre soutient les exposants comme les visiteurs dans leur participation aux salons professionnels organis\u00e9s en Allemagne.<\/p>\n\n\n\n<p>L\u2019invitation adress\u00e9e aux op\u00e9rateurs marocains \u00e0 rejoindre Interpack 2026 s\u2019inscrit dans cette dynamique, avec l\u2019annonce d\u2019un voyage d\u2019affaires en groupe pour faciliter le d\u00e9placement et&nbsp;&nbsp;renforcer l\u2019immersion au salon. Khadija Mahmoudi a soulign\u00e9 son engagement, en se disant \u00ab&nbsp;<em>ravie<\/em>&nbsp;\u00bb de participer \u00e0 la conf\u00e9rence du Caire, organis\u00e9e en marge de Pacprocess MEA et Food Africa.<\/p>\n\n\n\n<p><strong>Tous les regards tourn\u00e9s vers D\u00fcsseldorf<\/strong><\/p>\n\n\n\n<p>L\u2019ensemble des interventions a confirm\u00e9 la place centrale qu\u2019occupe Interpack dans l\u2019industrie mondiale du processing &amp; packaging.<\/p>\n\n\n\n<p>Entre transformations technologiques, enjeux de durabilit\u00e9, int\u00e9gration r\u00e9gionale et \u00e9mergence de nouveaux leaders industriels, Interpack 2026 s\u2019annonce comme une \u00e9dition d\u00e9terminante pour les entreprises souhaitant anticiper les \u00e9volutions du march\u00e9 et renforcer leur pr\u00e9sence internationale.<\/p>\n","protected":false},"excerpt":{"rendered":"<p>Les organisateurs d\u2019Interpack 2026, pr\u00e9vu du 7 au 13 mai \u00e0 D\u00fcsseldorf, ont d\u00e9voil\u00e9 les grandes transformations de cette prochaine \u00e9dition lors d\u2019une conf\u00e9rence de presse organis\u00e9e par Messe D\u00fcsseldorf, ce 10 d\u00e9cembre 2025 au Caire. Cet \u00e9v\u00e9nement a constitu\u00e9 un moment fort pour l\u2019\u00e9cosyst\u00e8me du Processing &amp; Packaging, marqu\u00e9 notamment par la mont\u00e9e en &hellip;<\/p>\n","protected":false},"author":1,"featured_media":12587,"comment_status":"open","ping_status":"closed","sticky":false,"template":"","format":"standard","meta":{"footnotes":""},"categories":[6,3],"tags":[],"class_list":["post-12585","post","type-post","status-publish","format-standard","has-post-thumbnail","","category-a-la-une","category-actus-monde"],"aioseo_notices":[],"_links":{"self":[{"href":"https:\/\/www.foodmagazine.ma\/index.php?rest_route=\/wp\/v2\/posts\/12585","targetHints":{"allow":["GET"]}}],"collection":[{"href":"https:\/\/www.foodmagazine.ma\/index.php?rest_route=\/wp\/v2\/posts"}],"about":[{"href":"https:\/\/www.foodmagazine.ma\/index.php?rest_route=\/wp\/v2\/types\/post"}],"author":[{"embeddable":true,"href":"https:\/\/www.foodmagazine.ma\/index.php?rest_route=\/wp\/v2\/users\/1"}],"replies":[{"embeddable":true,"href":"https:\/\/www.foodmagazine.ma\/index.php?rest_route=%2Fwp%2Fv2%2Fcomments&post=12585"}],"version-history":[{"count":2,"href":"https:\/\/www.foodmagazine.ma\/index.php?rest_route=\/wp\/v2\/posts\/12585\/revisions"}],"predecessor-version":[{"id":12591,"href":"https:\/\/www.foodmagazine.ma\/index.php?rest_route=\/wp\/v2\/posts\/12585\/revisions\/12591"}],"wp:featuredmedia":[{"embeddable":true,"href":"https:\/\/www.foodmagazine.ma\/index.php?rest_route=\/wp\/v2\/media\/12587"}],"wp:attachment":[{"href":"https:\/\/www.foodmagazine.ma\/index.php?rest_route=%2Fwp%2Fv2%2Fmedia&parent=12585"}],"wp:term":[{"taxonomy":"category","embeddable":true,"href":"https:\/\/www.foodmagazine.ma\/index.php?rest_route=%2Fwp%2Fv2%2Fcategories&post=12585"},{"taxonomy":"post_tag","embeddable":true,"href":"https:\/\/www.foodmagazine.ma\/index.php?rest_route=%2Fwp%2Fv2%2Ftags&post=12585"}],"curies":[{"name":"wp","href":"https:\/\/api.w.org\/{rel}","templated":true}]}}