{"id":13163,"date":"2026-03-13T16:24:52","date_gmt":"2026-03-13T16:24:52","guid":{"rendered":"https:\/\/www.foodmagazine.ma\/?p=13163"},"modified":"2026-03-13T16:24:53","modified_gmt":"2026-03-13T16:24:53","slug":"imanor-et-iso-une-cooperation-strategique-au-service-du-developpement-durable-marocain","status":"publish","type":"post","link":"https:\/\/www.foodmagazine.ma\/?p=13163","title":{"rendered":"IMANOR et ISO : une coop\u00e9ration strat\u00e9gique au service du d\u00e9veloppement durable marocain"},"content":{"rendered":"\n<p>Dans le cadre du renforcement de ses liens avec les membres r\u00e9gionaux, M. Thomas Athoo, Coordonnateur r\u00e9gional pour l\u2019Afrique et les \u00c9tats arabes de l\u2019Organisation Internationale de Normalisation (ISO), s\u2019est rendu en f\u00e9vrier 2026 \u00e0 l\u2019Institut Marocain de Normalisation (IMANOR) pour une visite de travail ax\u00e9e sur le d\u00e9veloppement de la normalisation au Maroc.<\/p>\n\n\n\n<p>Les \u00e9changes ont notamment abord\u00e9 la collaboration entre l\u2019ISO et l\u2019IMANOR pour le d\u00e9veloppement de la normalisation dans les secteurs d\u2019int\u00e9r\u00eat pour les op\u00e9rateurs marocains. Le conseil de l\u2019ISO a approuv\u00e9, pour la premi\u00e8re fois, l\u2019affectation au Maroc, de la pr\u00e9sidence et du secr\u00e9tariat d\u2019un sous-comit\u00e9 international d\u00e9di\u00e9 \u00e0 la normalisation des mat\u00e9riaux biosourc\u00e9s pour les \u00e9l\u00e9ments non structuraux.<\/p>\n\n\n\n<p>Par ailleurs, les participants ont \u00e9voqu\u00e9 les outils num\u00e9riques de l\u2019ISO, tels que ISOlutions, la plateforme OSD et le projet SMART ISO\/IEC, ainsi que la d\u00e9signation de l\u2019IMANOR en tant qu\u2019organisme de r\u00e9f\u00e9rence pour la v\u00e9rification des \u00e9missions de gaz \u00e0 effet de serre (GES) conform\u00e9ment aux normes. Les perspectives en mati\u00e8re de v\u00e9rification ESG ont \u00e9galement \u00e9t\u00e9 examin\u00e9es, en coh\u00e9rence avec l\u2019engagement du Maroc pour le d\u00e9veloppement durable.<\/p>\n\n\n\n<p>Il est \u00e0 noter que l\u2019IMANOR, comit\u00e9 membre de l\u2019ISO repr\u00e9sentant le Royaume, est impliqu\u00e9 dans plus de 120 structures techniques de l\u2019organisation, consolidant ainsi la position du Maroc sur la sc\u00e8ne internationale de la normalisation.<\/p>\n","protected":false},"excerpt":{"rendered":"<p>Dans le cadre du renforcement de ses liens avec les membres r\u00e9gionaux, M. Thomas Athoo, Coordonnateur r\u00e9gional pour l\u2019Afrique et les \u00c9tats arabes de l\u2019Organisation Internationale de Normalisation (ISO), s\u2019est rendu en f\u00e9vrier 2026 \u00e0 l\u2019Institut Marocain de Normalisation (IMANOR) pour une visite de travail ax\u00e9e sur le d\u00e9veloppement de la normalisation au Maroc. Les &hellip;<\/p>\n","protected":false},"author":1,"featured_media":13164,"comment_status":"open","ping_status":"closed","sticky":false,"template":"","format":"standard","meta":{"footnotes":""},"categories":[6,2],"tags":[],"class_list":["post-13163","post","type-post","status-publish","format-standard","has-post-thumbnail","","category-a-la-une","category-actus-maroc"],"aioseo_notices":[],"_links":{"self":[{"href":"https:\/\/www.foodmagazine.ma\/index.php?rest_route=\/wp\/v2\/posts\/13163","targetHints":{"allow":["GET"]}}],"collection":[{"href":"https:\/\/www.foodmagazine.ma\/index.php?rest_route=\/wp\/v2\/posts"}],"about":[{"href":"https:\/\/www.foodmagazine.ma\/index.php?rest_route=\/wp\/v2\/types\/post"}],"author":[{"embeddable":true,"href":"https:\/\/www.foodmagazine.ma\/index.php?rest_route=\/wp\/v2\/users\/1"}],"replies":[{"embeddable":true,"href":"https:\/\/www.foodmagazine.ma\/index.php?rest_route=%2Fwp%2Fv2%2Fcomments&post=13163"}],"version-history":[{"count":1,"href":"https:\/\/www.foodmagazine.ma\/index.php?rest_route=\/wp\/v2\/posts\/13163\/revisions"}],"predecessor-version":[{"id":13165,"href":"https:\/\/www.foodmagazine.ma\/index.php?rest_route=\/wp\/v2\/posts\/13163\/revisions\/13165"}],"wp:featuredmedia":[{"embeddable":true,"href":"https:\/\/www.foodmagazine.ma\/index.php?rest_route=\/wp\/v2\/media\/13164"}],"wp:attachment":[{"href":"https:\/\/www.foodmagazine.ma\/index.php?rest_route=%2Fwp%2Fv2%2Fmedia&parent=13163"}],"wp:term":[{"taxonomy":"category","embeddable":true,"href":"https:\/\/www.foodmagazine.ma\/index.php?rest_route=%2Fwp%2Fv2%2Fcategories&post=13163"},{"taxonomy":"post_tag","embeddable":true,"href":"https:\/\/www.foodmagazine.ma\/index.php?rest_route=%2Fwp%2Fv2%2Ftags&post=13163"}],"curies":[{"name":"wp","href":"https:\/\/api.w.org\/{rel}","templated":true}]}}