{"id":13166,"date":"2026-03-13T16:25:36","date_gmt":"2026-03-13T16:25:36","guid":{"rendered":"https:\/\/www.foodmagazine.ma\/?p=13166"},"modified":"2026-03-13T16:25:37","modified_gmt":"2026-03-13T16:25:37","slug":"relance-de-lumaq-un-nouveau-souffle-pour-la-qualite-au-maroc","status":"publish","type":"post","link":"https:\/\/www.foodmagazine.ma\/?p=13166","title":{"rendered":"Relance de l\u2019UMAQ\u00a0: un nouveau souffle pour la qualit\u00e9 au Maroc"},"content":{"rendered":"\n<p>L\u2019Union Marocaine pour la Qualit\u00e9 (UMAQ) a officiellement repris ses activit\u00e9s avec le soutien du Minist\u00e8re de l\u2019Industrie et du Commerce, apr\u00e8s l\u2019\u00e9lection de son nouveau bureau le 24 d\u00e9cembre 2025. \u00c0 sa t\u00eate, Mme Asmae Eloufir, Directrice Qualit\u00e9 chez Stellantis, pilote un comit\u00e9 rassemblant des repr\u00e9sentants de grandes institutions et organismes nationaux tels que l\u2019ONEE, l\u2019OCP, l\u2019ONCF, la RAM, la FCMCIS, l\u2019IMANOR, l\u2019OFPPT, la FCP, l\u2019APC, Poste Maroc et le LPEE, illustrant \u00e0 la fois diversit\u00e9 et expertise dans le domaine de la qualit\u00e9.<\/p>\n\n\n\n<p>Pour marquer cette relance, l\u2019UMAQ a organis\u00e9 le 4 mars 2026 \u00e0 Casablanca un \u00e9v\u00e9nement majeur intitul\u00e9 \u00ab Qualit\u00e9 : R\u00e9alit\u00e9s, enjeux et perspectives pour un Maroc comp\u00e9titif \u00bb, favorisant \u00e9changes et r\u00e9flexions autour des d\u00e9fis et perspectives de la qualit\u00e9 au Maroc.<\/p>\n\n\n\n<p>Un panel d\u2019experts issus des secteurs public et priv\u00e9, mod\u00e9r\u00e9 par M. Hassan Ayadi, ancien DRH et expert RH, a anim\u00e9 les d\u00e9bats, avec notamment :<\/p>\n\n\n\n<ul class=\"wp-block-list\">\n<li>Mme Asmae Eloufir, Pr\u00e9sidente de l\u2019UMAQ ;<\/li>\n\n\n\n<li>M. Abderrahim Taibi, Directeur de l\u2019IMANOR ;<\/li>\n\n\n\n<li>M. Brahim Yahyaoui, Chef de division Qualit\u00e9 et S\u00e9curit\u00e9 en entreprise \u00e0 la Direction de la Protection du Consommateur, la Surveillance du March\u00e9 et de la Qualit\u00e9 ;<\/li>\n\n\n\n<li>M. Mohamed Benchekroune, Vice-pr\u00e9sident de la F\u00e9d\u00e9ration de la Chimie et Parachimie (FCP) et Directeur g\u00e9n\u00e9ral de Dychem,\u00a0<\/li>\n<\/ul>\n\n\n\n<p>L\u2019\u00e9v\u00e9nement a \u00e9galement \u00e9t\u00e9 marqu\u00e9 par un moment de recueillement et un hommage \u00e0 feu Abdelafid Rerhrhaye et feu Ahmed Bouhaouli, figures embl\u00e9matiques de la promotion de la qualit\u00e9 au Maroc, rappelant l\u2019importance de la transmission des valeurs et de l\u2019engagement collectif.<\/p>\n","protected":false},"excerpt":{"rendered":"<p>L\u2019Union Marocaine pour la Qualit\u00e9 (UMAQ) a officiellement repris ses activit\u00e9s avec le soutien du Minist\u00e8re de l\u2019Industrie et du Commerce, apr\u00e8s l\u2019\u00e9lection de son nouveau bureau le 24 d\u00e9cembre 2025. \u00c0 sa t\u00eate, Mme Asmae Eloufir, Directrice Qualit\u00e9 chez Stellantis, pilote un comit\u00e9 rassemblant des repr\u00e9sentants de grandes institutions et organismes nationaux tels que &hellip;<\/p>\n","protected":false},"author":1,"featured_media":13167,"comment_status":"open","ping_status":"closed","sticky":false,"template":"","format":"standard","meta":{"footnotes":""},"categories":[6,2],"tags":[],"class_list":["post-13166","post","type-post","status-publish","format-standard","has-post-thumbnail","","category-a-la-une","category-actus-maroc"],"aioseo_notices":[],"_links":{"self":[{"href":"https:\/\/www.foodmagazine.ma\/index.php?rest_route=\/wp\/v2\/posts\/13166","targetHints":{"allow":["GET"]}}],"collection":[{"href":"https:\/\/www.foodmagazine.ma\/index.php?rest_route=\/wp\/v2\/posts"}],"about":[{"href":"https:\/\/www.foodmagazine.ma\/index.php?rest_route=\/wp\/v2\/types\/post"}],"author":[{"embeddable":true,"href":"https:\/\/www.foodmagazine.ma\/index.php?rest_route=\/wp\/v2\/users\/1"}],"replies":[{"embeddable":true,"href":"https:\/\/www.foodmagazine.ma\/index.php?rest_route=%2Fwp%2Fv2%2Fcomments&post=13166"}],"version-history":[{"count":1,"href":"https:\/\/www.foodmagazine.ma\/index.php?rest_route=\/wp\/v2\/posts\/13166\/revisions"}],"predecessor-version":[{"id":13168,"href":"https:\/\/www.foodmagazine.ma\/index.php?rest_route=\/wp\/v2\/posts\/13166\/revisions\/13168"}],"wp:featuredmedia":[{"embeddable":true,"href":"https:\/\/www.foodmagazine.ma\/index.php?rest_route=\/wp\/v2\/media\/13167"}],"wp:attachment":[{"href":"https:\/\/www.foodmagazine.ma\/index.php?rest_route=%2Fwp%2Fv2%2Fmedia&parent=13166"}],"wp:term":[{"taxonomy":"category","embeddable":true,"href":"https:\/\/www.foodmagazine.ma\/index.php?rest_route=%2Fwp%2Fv2%2Fcategories&post=13166"},{"taxonomy":"post_tag","embeddable":true,"href":"https:\/\/www.foodmagazine.ma\/index.php?rest_route=%2Fwp%2Fv2%2Ftags&post=13166"}],"curies":[{"name":"wp","href":"https:\/\/api.w.org\/{rel}","templated":true}]}}