{"id":13570,"date":"2026-04-24T23:00:39","date_gmt":"2026-04-24T22:00:39","guid":{"rendered":"https:\/\/www.foodmagazine.ma\/?p=13570"},"modified":"2026-04-24T23:00:41","modified_gmt":"2026-04-24T22:00:41","slug":"siam-2026-transformation-digitale-et-intelligence-artificielle-au-service-de-lagriculture","status":"publish","type":"post","link":"https:\/\/www.foodmagazine.ma\/?p=13570","title":{"rendered":"SIAM 2026\u00a0: Transformation digitale et intelligence artificielle au service de l\u2019agriculture"},"content":{"rendered":"\n<p>Le Minist\u00e8re de l\u2019Agriculture, de la P\u00eache maritime, du D\u00e9veloppement rural et des Eaux et For\u00eats, et le Minist\u00e8re de la Transition Num\u00e9rique et de la R\u00e9forme de l\u2019Administration ont sign\u00e9 la D\u00e9claration conjointe d\u2019intention relative \u00e0 la coop\u00e9ration en mati\u00e8re de digitalisation et d\u2019intelligence artificielle appliqu\u00e9es au secteur agricole, le 23 avril 2026 au le p\u00f4le digital du Salon International de l\u2019Agriculture au Maroc (SIAM).<\/p>\n\n\n\n<p>Cette initiative constitue une \u00e9tape importante dans l\u2019acc\u00e9l\u00e9ration de la transformation digitale du secteur agricole, \u00e0 travers l\u2019int\u00e9gration des technologies num\u00e9riques et de l\u2019intelligence artificielle au service de la performance, de la durabilit\u00e9 et de l\u2019innovation.<\/p>\n\n\n\n<p>Cette signature en marge du SIAM illustre le renforcement de la coop\u00e9ration entre les secteurs de l\u2019agriculture et du num\u00e9rique.<\/p>\n\n\n\n<p>Mme Amal El Fallah Seghrouchni, Ministre d\u00e9l\u00e9gu\u00e9e charg\u00e9e de la Transition num\u00e9rique et de la R\u00e9forme de l&#8217;administration a expliqu\u00e9 que le MoU sign\u00e9 permet l\u2019adh\u00e9sion du minist\u00e8re de l\u2019Agriculture au Groupement d\u2019Int\u00e9r\u00eat Public (GIP) li\u00e9 \u00e0 la feuille de route \u201cAI made in Morocco\u201d. Elle a pr\u00e9cis\u00e9 qu\u2019un accord plus d\u00e9taill\u00e9 sur les modalit\u00e9s de coop\u00e9ration sera sign\u00e9 prochainement. Cette int\u00e9gration s\u2019inscrit dans la continuit\u00e9 des Assises nationales de 2025, qui avaient identifi\u00e9 13 secteurs prioritaires, dont l\u2019agriculture. &nbsp;\u00ab&nbsp;<em>Aujourd\u2019hui, l\u2019agriculture est un domaine o\u00f9 l\u2019on peut appliquer \u00e9norm\u00e9ment de techniques du num\u00e9rique mais aussi de l\u2019intelligence artificielle, que ce soit pour la production, la gestion ou le b\u00e9tail<\/em>. \u00bb<\/p>\n\n\n\n<figure class=\"wp-block-embed is-type-video is-provider-youtube wp-block-embed-youtube wp-embed-aspect-16-9 wp-has-aspect-ratio\"><div class=\"wp-block-embed__wrapper\">\n<iframe loading=\"lazy\" title=\"SIAM 2026 : Signature de la d\u00e9claration conjointe pour la digitalisation du secteur agricole\" width=\"618\" height=\"348\" src=\"https:\/\/www.youtube.com\/embed\/9jriZzPoHnA?feature=oembed\" frameborder=\"0\" allow=\"accelerometer; autoplay; clipboard-write; encrypted-media; gyroscope; picture-in-picture; web-share\" referrerpolicy=\"strict-origin-when-cross-origin\" allowfullscreen><\/iframe>\n<\/div><\/figure>\n\n\n\n<p>La journ\u00e9e a \u00e9galement \u00e9t\u00e9 marqu\u00e9e par la c\u00e9r\u00e9monie de remise des prix du Hackathon \u00ab Agroalimentaire \u00e0 l\u2019\u00e8re du digital \u00bb, qui a mis en lumi\u00e8re des projets innovants port\u00e9s par de jeunes talents engag\u00e9s dans la modernisation du secteur agroalimentaire.<\/p>\n\n\n\n<figure class=\"wp-block-image size-full\"><img loading=\"lazy\" decoding=\"async\" width=\"1000\" height=\"500\" src=\"https:\/\/www.foodmagazine.ma\/wp-content\/uploads\/2026\/04\/1776979579442.jpg\" alt=\"\" class=\"wp-image-13571\" srcset=\"https:\/\/www.foodmagazine.ma\/wp-content\/uploads\/2026\/04\/1776979579442.jpg 1000w, https:\/\/www.foodmagazine.ma\/wp-content\/uploads\/2026\/04\/1776979579442-300x150.jpg 300w, https:\/\/www.foodmagazine.ma\/wp-content\/uploads\/2026\/04\/1776979579442-768x384.jpg 768w, https:\/\/www.foodmagazine.ma\/wp-content\/uploads\/2026\/04\/1776979579442-660x330.jpg 660w\" sizes=\"auto, (max-width: 1000px) 100vw, 1000px\" \/><\/figure>\n","protected":false},"excerpt":{"rendered":"<p>Le Minist\u00e8re de l\u2019Agriculture, de la P\u00eache maritime, du D\u00e9veloppement rural et des Eaux et For\u00eats, et le Minist\u00e8re de la Transition Num\u00e9rique et de la R\u00e9forme de l\u2019Administration ont sign\u00e9 la D\u00e9claration conjointe d\u2019intention relative \u00e0 la coop\u00e9ration en mati\u00e8re de digitalisation et d\u2019intelligence artificielle appliqu\u00e9es au secteur agricole, le 23 avril 2026 au &hellip;<\/p>\n","protected":false},"author":263,"featured_media":13572,"comment_status":"open","ping_status":"closed","sticky":false,"template":"","format":"standard","meta":{"footnotes":""},"categories":[1],"tags":[],"class_list":["post-13570","post","type-post","status-publish","format-standard","has-post-thumbnail","","category-non-classe"],"aioseo_notices":[],"_links":{"self":[{"href":"https:\/\/www.foodmagazine.ma\/index.php?rest_route=\/wp\/v2\/posts\/13570","targetHints":{"allow":["GET"]}}],"collection":[{"href":"https:\/\/www.foodmagazine.ma\/index.php?rest_route=\/wp\/v2\/posts"}],"about":[{"href":"https:\/\/www.foodmagazine.ma\/index.php?rest_route=\/wp\/v2\/types\/post"}],"author":[{"embeddable":true,"href":"https:\/\/www.foodmagazine.ma\/index.php?rest_route=\/wp\/v2\/users\/263"}],"replies":[{"embeddable":true,"href":"https:\/\/www.foodmagazine.ma\/index.php?rest_route=%2Fwp%2Fv2%2Fcomments&post=13570"}],"version-history":[{"count":1,"href":"https:\/\/www.foodmagazine.ma\/index.php?rest_route=\/wp\/v2\/posts\/13570\/revisions"}],"predecessor-version":[{"id":13573,"href":"https:\/\/www.foodmagazine.ma\/index.php?rest_route=\/wp\/v2\/posts\/13570\/revisions\/13573"}],"wp:featuredmedia":[{"embeddable":true,"href":"https:\/\/www.foodmagazine.ma\/index.php?rest_route=\/wp\/v2\/media\/13572"}],"wp:attachment":[{"href":"https:\/\/www.foodmagazine.ma\/index.php?rest_route=%2Fwp%2Fv2%2Fmedia&parent=13570"}],"wp:term":[{"taxonomy":"category","embeddable":true,"href":"https:\/\/www.foodmagazine.ma\/index.php?rest_route=%2Fwp%2Fv2%2Fcategories&post=13570"},{"taxonomy":"post_tag","embeddable":true,"href":"https:\/\/www.foodmagazine.ma\/index.php?rest_route=%2Fwp%2Fv2%2Ftags&post=13570"}],"curies":[{"name":"wp","href":"https:\/\/api.w.org\/{rel}","templated":true}]}}