{"id":13604,"date":"2026-04-28T12:12:46","date_gmt":"2026-04-28T11:12:46","guid":{"rendered":"https:\/\/www.foodmagazine.ma\/?p=13604"},"modified":"2026-04-28T12:12:47","modified_gmt":"2026-04-28T11:12:47","slug":"moustiques-vecteurs-lam3d-appelle-a-une-gestion-integree-et-anticipative","status":"publish","type":"post","link":"https:\/\/www.foodmagazine.ma\/?p=13604","title":{"rendered":"Moustiques vecteurs : l\u2019AM3D appelle \u00e0 une gestion int\u00e9gr\u00e9e et anticipative"},"content":{"rendered":"\n<p>Face \u00e0 des conditions climatiques de plus en plus favorables \u00e0 la prolif\u00e9ration des moustiques vecteurs, notamment du genre Aedes, le Maroc voit \u00e9merger de nouveaux risques li\u00e9s \u00e0 l\u2019introduction et \u00e0 la circulation d\u2019esp\u00e8ces invasives et d\u2019agents pathog\u00e8nes. La hausse des temp\u00e9ratures, les \u00e9pisodes de pluies, l\u2019urbanisation croissante et l\u2019intensification des \u00e9changes internationaux constituent autant de facteurs aggravants.<\/p>\n\n\n\n<p>Dans ce contexte, l\u2019AM3D plaide pour une approche proactive reposant sur trois piliers : le renforcement de la surveillance entomologique, la sensibilisation des citoyens et la mise en place de mesures pr\u00e9ventives en amont de toute circulation virale. L\u2019association insiste \u00e9galement sur la n\u00e9cessit\u00e9 de structurer le secteur \u00e0 travers un syst\u00e8me d\u2019agr\u00e9ment encadrant l\u2019usage des pesticides de sant\u00e9 publique, afin de garantir la s\u00e9curit\u00e9, le respect des normes environnementales et de limiter les ph\u00e9nom\u00e8nes de r\u00e9sistance.<\/p>\n\n\n\n<p>Les m\u00e9thodes traditionnelles de lutte montrent aujourd\u2019hui leurs limites, en raison notamment d\u2019une r\u00e9sistance croissante aux insecticides et de restrictions r\u00e9glementaires r\u00e9duisant les substances disponibles. Face \u00e0 ces contraintes, de nouvelles strat\u00e9gies \u00e9mergent, combinant contr\u00f4le g\u00e9n\u00e9tique (techniques de l\u2019insecte st\u00e9rile ou recours \u00e0 la bact\u00e9rie Wolbachia), technologies intelligentes (drones, capteurs connect\u00e9s, intelligence artificielle) et dispositifs de pi\u00e9geage cibl\u00e9.<\/p>\n\n\n\n<p>Les experts soulignent par ailleurs l\u2019importance d\u2019une coordination \u00e9troite entre les diff\u00e9rents acteurs (autorit\u00e9s publiques, op\u00e9rateurs sp\u00e9cialis\u00e9s et laboratoires) dans une logique int\u00e9gr\u00e9e inspir\u00e9e du concept \u00ab One Health \u00bb, associant sant\u00e9 humaine, animale et environnementale. La sensibilisation du public, \u00e0 travers des campagnes r\u00e9guli\u00e8res et des initiatives de science participative, appara\u00eet \u00e9galement comme un levier essentiel.<\/p>\n\n\n\n<p>Les d\u00e9cideurs sont appel\u00e9s \u00e0 privil\u00e9gier des strat\u00e9gies pr\u00e9ventives, moins co\u00fbteuses que la gestion des crises sanitaires, en misant sur des approches durables, financ\u00e9es et coordonn\u00e9es. L\u2019enjeu est de passer d\u2019une lutte essentiellement r\u00e9active, centr\u00e9e sur les produits chimiques, \u00e0 une gestion int\u00e9gr\u00e9e, innovante et participative des risques li\u00e9s aux moustiques vecteurs.<\/p>\n","protected":false},"excerpt":{"rendered":"<p>Face \u00e0 des conditions climatiques de plus en plus favorables \u00e0 la prolif\u00e9ration des moustiques vecteurs, notamment du genre Aedes, le Maroc voit \u00e9merger de nouveaux risques li\u00e9s \u00e0 l\u2019introduction et \u00e0 la circulation d\u2019esp\u00e8ces invasives et d\u2019agents pathog\u00e8nes. La hausse des temp\u00e9ratures, les \u00e9pisodes de pluies, l\u2019urbanisation croissante et l\u2019intensification des \u00e9changes internationaux constituent &hellip;<\/p>\n","protected":false},"author":1,"featured_media":13605,"comment_status":"open","ping_status":"closed","sticky":false,"template":"","format":"standard","meta":{"footnotes":""},"categories":[6,2],"tags":[],"class_list":["post-13604","post","type-post","status-publish","format-standard","has-post-thumbnail","","category-a-la-une","category-actus-maroc"],"aioseo_notices":[],"_links":{"self":[{"href":"https:\/\/www.foodmagazine.ma\/index.php?rest_route=\/wp\/v2\/posts\/13604","targetHints":{"allow":["GET"]}}],"collection":[{"href":"https:\/\/www.foodmagazine.ma\/index.php?rest_route=\/wp\/v2\/posts"}],"about":[{"href":"https:\/\/www.foodmagazine.ma\/index.php?rest_route=\/wp\/v2\/types\/post"}],"author":[{"embeddable":true,"href":"https:\/\/www.foodmagazine.ma\/index.php?rest_route=\/wp\/v2\/users\/1"}],"replies":[{"embeddable":true,"href":"https:\/\/www.foodmagazine.ma\/index.php?rest_route=%2Fwp%2Fv2%2Fcomments&post=13604"}],"version-history":[{"count":1,"href":"https:\/\/www.foodmagazine.ma\/index.php?rest_route=\/wp\/v2\/posts\/13604\/revisions"}],"predecessor-version":[{"id":13606,"href":"https:\/\/www.foodmagazine.ma\/index.php?rest_route=\/wp\/v2\/posts\/13604\/revisions\/13606"}],"wp:featuredmedia":[{"embeddable":true,"href":"https:\/\/www.foodmagazine.ma\/index.php?rest_route=\/wp\/v2\/media\/13605"}],"wp:attachment":[{"href":"https:\/\/www.foodmagazine.ma\/index.php?rest_route=%2Fwp%2Fv2%2Fmedia&parent=13604"}],"wp:term":[{"taxonomy":"category","embeddable":true,"href":"https:\/\/www.foodmagazine.ma\/index.php?rest_route=%2Fwp%2Fv2%2Fcategories&post=13604"},{"taxonomy":"post_tag","embeddable":true,"href":"https:\/\/www.foodmagazine.ma\/index.php?rest_route=%2Fwp%2Fv2%2Ftags&post=13604"}],"curies":[{"name":"wp","href":"https:\/\/api.w.org\/{rel}","templated":true}]}}