{"id":13613,"date":"2026-04-28T12:15:27","date_gmt":"2026-04-28T11:15:27","guid":{"rendered":"https:\/\/www.foodmagazine.ma\/?p=13613"},"modified":"2026-04-28T12:15:29","modified_gmt":"2026-04-28T11:15:29","slug":"morocco-foodex-lance-les-jeudis-de-la-durabilite-pour-accompagner-les-exportateurs-face-a-la-directive-cs3d","status":"publish","type":"post","link":"https:\/\/www.foodmagazine.ma\/?p=13613","title":{"rendered":"Morocco Foodex lance \u00ab Les Jeudis de la Durabilit\u00e9 \u00bb pour accompagner les exportateurs face \u00e0 la directive CS3D"},"content":{"rendered":"\n<p>Dans le cadre de l\u2019accompagnement des exportateurs, Morocco Foodex via le Centre CAP\u2019EXPORT, en partenariat avec le Centre du commerce international (ITC), a annonc\u00e9 le lancement d\u2019une s\u00e9rie de webinaires consacr\u00e9s \u00e0 la durabilit\u00e9 et \u00e0 la diligence raisonnable. Cette initiative, men\u00e9e en collaboration avec l&#8217;Organisation pour l&#8217;alimentation et l&#8217;agriculture (FAO), le Programme Suisse de Promotion des Importations (SIPPO) et l\u2019Institut Panafricain pour le D\u00e9veloppement (IPD), vise \u00e0 renforcer la comp\u00e9titivit\u00e9 des entreprises sur les march\u00e9s internationaux.<\/p>\n\n\n\n<p>Le premier rendez-vous de cette s\u00e9rie, intitul\u00e9e \u00ab Les Jeudis de la Durabilit\u00e9 \u00bb, sera d\u00e9di\u00e9 au th\u00e8me : \u00ab La nouvelle directive de l\u2019Union europ\u00e9enne relative au devoir de diligence (CS3D) : enjeux et opportunit\u00e9s \u00bb. Il se tiendra le jeudi 30 avril 2026 et sera anim\u00e9 par Mme Shemina Amarsy, Advisor on Sustainability Standards &amp; Value Chains au sein de l\u2019ITC.<\/p>\n\n\n\n<p>Cette session s\u2019ouvrira par un \u00e9clairage sur une s\u00e9lection de directives et de r\u00e9glementations de l\u2019Union europ\u00e9enne li\u00e9es \u00e0 la durabilit\u00e9. Elle offrira \u00e9galement un aper\u00e7u de la directive relative au devoir de diligence en mati\u00e8re de durabilit\u00e9 des entreprises (CS3D), en mettant en avant les nouvelles obligations qu\u2019elle impose aux entreprises bas\u00e9es dans l\u2019UE, ainsi que ses implications pour les fournisseurs situ\u00e9s hors Union.<\/p>\n\n\n\n<p>L\u2019accent sera ensuite mis sur l\u2019importance d\u2019une pr\u00e9paration pr\u00e9coce \u00e0 la diligence raisonnable, consid\u00e9r\u00e9e comme un levier de comp\u00e9titivit\u00e9 et une source de nouvelles opportunit\u00e9s pour les exportateurs \u00e0 destination du march\u00e9 europ\u00e9en.<\/p>\n\n\n\n<p>Un projet du Centre du commerce international (ITC) sera pr\u00e9sent\u00e9. Il vise \u00e0 accompagner les fournisseurs et exportateurs hors UE dans le cadre de la CS3D, notamment \u00e0 travers un nouvel outil de diagnostic en ligne et les objectifs qui lui sont associ\u00e9s.<\/p>\n\n\n\n<p>Cette rencontre constitue une opportunit\u00e9 pour les entreprises souhaitant mieux comprendre les nouvelles exigences europ\u00e9ennes et anticiper leurs impacts sur les cha\u00eenes de valeur.<\/p>\n\n\n\n<p>Les inscriptions sont ouvertes via le lien suivant :\u00a0<a href=\"https:\/\/forms.gle\/eVDzvVcNGcT2oFak8\" target=\"_blank\" rel=\"noopener\" title=\"\">https:\/\/forms.gle\/eVDzvVcNGcT2oFak8<\/a><\/p>\n","protected":false},"excerpt":{"rendered":"<p>Dans le cadre de l\u2019accompagnement des exportateurs, Morocco Foodex via le Centre CAP\u2019EXPORT, en partenariat avec le Centre du commerce international (ITC), a annonc\u00e9 le lancement d\u2019une s\u00e9rie de webinaires consacr\u00e9s \u00e0 la durabilit\u00e9 et \u00e0 la diligence raisonnable. Cette initiative, men\u00e9e en collaboration avec l&#8217;Organisation pour l&#8217;alimentation et l&#8217;agriculture (FAO), le Programme Suisse de &hellip;<\/p>\n","protected":false},"author":1,"featured_media":13614,"comment_status":"open","ping_status":"closed","sticky":false,"template":"","format":"standard","meta":{"footnotes":""},"categories":[6,2],"tags":[],"class_list":["post-13613","post","type-post","status-publish","format-standard","has-post-thumbnail","","category-a-la-une","category-actus-maroc"],"aioseo_notices":[],"_links":{"self":[{"href":"https:\/\/www.foodmagazine.ma\/index.php?rest_route=\/wp\/v2\/posts\/13613","targetHints":{"allow":["GET"]}}],"collection":[{"href":"https:\/\/www.foodmagazine.ma\/index.php?rest_route=\/wp\/v2\/posts"}],"about":[{"href":"https:\/\/www.foodmagazine.ma\/index.php?rest_route=\/wp\/v2\/types\/post"}],"author":[{"embeddable":true,"href":"https:\/\/www.foodmagazine.ma\/index.php?rest_route=\/wp\/v2\/users\/1"}],"replies":[{"embeddable":true,"href":"https:\/\/www.foodmagazine.ma\/index.php?rest_route=%2Fwp%2Fv2%2Fcomments&post=13613"}],"version-history":[{"count":1,"href":"https:\/\/www.foodmagazine.ma\/index.php?rest_route=\/wp\/v2\/posts\/13613\/revisions"}],"predecessor-version":[{"id":13615,"href":"https:\/\/www.foodmagazine.ma\/index.php?rest_route=\/wp\/v2\/posts\/13613\/revisions\/13615"}],"wp:featuredmedia":[{"embeddable":true,"href":"https:\/\/www.foodmagazine.ma\/index.php?rest_route=\/wp\/v2\/media\/13614"}],"wp:attachment":[{"href":"https:\/\/www.foodmagazine.ma\/index.php?rest_route=%2Fwp%2Fv2%2Fmedia&parent=13613"}],"wp:term":[{"taxonomy":"category","embeddable":true,"href":"https:\/\/www.foodmagazine.ma\/index.php?rest_route=%2Fwp%2Fv2%2Fcategories&post=13613"},{"taxonomy":"post_tag","embeddable":true,"href":"https:\/\/www.foodmagazine.ma\/index.php?rest_route=%2Fwp%2Fv2%2Ftags&post=13613"}],"curies":[{"name":"wp","href":"https:\/\/api.w.org\/{rel}","templated":true}]}}