{"id":13627,"date":"2026-04-30T17:10:48","date_gmt":"2026-04-30T16:10:48","guid":{"rendered":"https:\/\/www.foodmagazine.ma\/?p=13627"},"modified":"2026-04-30T17:10:50","modified_gmt":"2026-04-30T16:10:50","slug":"siam-2026-le-credit-agricole-du-maroc-deploie-une-strategie-integree-pour-verdir-et-inclure-lagriculture","status":"publish","type":"post","link":"https:\/\/www.foodmagazine.ma\/?p=13627","title":{"rendered":"SIAM 2026 : le Cr\u00e9dit Agricole du Maroc d\u00e9ploie une strat\u00e9gie int\u00e9gr\u00e9e pour verdir et inclure l\u2019agriculture"},"content":{"rendered":"\n<p>\u00c0 l\u2019occasion de la 18<sup>\u00e8me<\/sup>&nbsp;\u00e9dition du Salon International de l\u2019Agriculture au Maroc, tenue du 20 au 28 mars 2026, le Cr\u00e9dit Agricole du Maroc (CAM) a multipli\u00e9 les partenariats strat\u00e9giques, confirmant son r\u00f4le pivot dans la transformation du secteur agricole. Transition verte, inclusion financi\u00e8re, innovation et coop\u00e9ration internationale : l\u2019institution bancaire s\u2019inscrit dans une feuille de route coh\u00e9rente, align\u00e9e sur la strat\u00e9gie nationale \u00ab G\u00e9n\u00e9ration Green \u00bb. Plus qu\u2019une succession d\u2019annonces, les accords sign\u00e9s dessinent une trajectoire claire : accompagner, sur plusieurs fronts, la mutation du mod\u00e8le agricole marocain.<\/p>\n\n\n\n<p>De la formation financi\u00e8re en milieu rural aux dispositifs de financement des TPE, en passant par des accords de coop\u00e9ration internationale et des initiatives li\u00e9es \u00e0 l\u2019innovation, ces engagements traduisent un d\u00e9ploiement op\u00e9rationnel sur plusieurs segments du d\u00e9veloppement agricole.<\/p>\n\n\n\n<p><strong>Transition verte : un partenariat structurant avec la COMADER<\/strong><\/p>\n\n\n\n<p>Parmi les principales annonces, figure la signature d\u2019une convention avec la Conf\u00e9d\u00e9ration Marocaine de l\u2019Agriculture et du D\u00e9veloppement Rural, repr\u00e9sentant les interprofessions agricoles nationales.<\/p>\n\n\n\n<p>Sign\u00e9 par M. Mohammed Fikrat, Pr\u00e9sident du Directoire du CAM, et M. Rachid Benali, Pr\u00e9sident de la COMADER, cet accord vise \u00e0 accompagner la transition verte des fili\u00e8res agricoles marocaines, en coh\u00e9rence avec la strat\u00e9gie \u00ab G\u00e9n\u00e9ration Green 2020\u20132030 \u00bb.<\/p>\n\n\n\n<p>Le partenariat pr\u00e9voit :<\/p>\n\n\n\n<ul class=\"wp-block-list\">\n<li>le d\u00e9veloppement de solutions de financement adapt\u00e9es aux projets \u00e0 impact environnemental positif,<\/li>\n\n\n\n<li>la promotion d\u2019investissements agricoles durables,<\/li>\n\n\n\n<li>le renforcement des capacit\u00e9s techniques et organisationnelles des acteurs,<\/li>\n\n\n\n<li>l\u2019am\u00e9lioration de la r\u00e9silience climatique des exploitations.<\/li>\n<\/ul>\n\n\n\n<p>Il inclut \u00e9galement des actions conjointes de sensibilisation, d\u2019accompagnement et de valorisation des bonnes pratiques, ainsi que l\u2019encouragement de l\u2019innovation et de l\u2019adoption de solutions AgriTech visant une utilisation plus efficiente des ressources naturelles.<\/p>\n\n\n\n<p><strong>Inclusion financi\u00e8re : un programme cibl\u00e9 dans l\u2019Oriental<\/strong><\/p>\n\n\n\n<p>Dans le domaine social, le CAM a sign\u00e9 une convention avec le minist\u00e8re de l\u2019Agriculture pour le d\u00e9ploiement d\u2019un programme d\u2019\u00e9ducation financi\u00e8re au profit des b\u00e9n\u00e9ficiaires du projet PADERMO dans la r\u00e9gion de l\u2019Oriental.<\/p>\n\n\n\n<p>Ce programme ambitionne de renforcer les capacit\u00e9s de 10 000 b\u00e9n\u00e9ficiaires en mati\u00e8re de gestion financi\u00e8re, notamment :<\/p>\n\n\n\n<ul class=\"wp-block-list\">\n<li>la ma\u00eetrise du budget,<\/li>\n\n\n\n<li>l\u2019\u00e9pargne,<\/li>\n\n\n\n<li>et le recours responsable au cr\u00e9dit.<\/li>\n<\/ul>\n\n\n\n<p>Le dispositif pr\u00e9voit l\u2019organisation de 400 sessions de formation couvrant 19 communes territoriales relevant des provinces d\u2019Oujda-Angad, Berkane, Driouch et Guercif, avec une attention particuli\u00e8re accord\u00e9e aux femmes et aux jeunes.<\/p>\n\n\n\n<p>L\u2019objectif affich\u00e9 est double : faciliter l\u2019acc\u00e8s aux services financiers et renforcer la viabilit\u00e9 \u00e9conomique des activit\u00e9s g\u00e9n\u00e9ratrices de revenus en milieu rural.<\/p>\n\n\n\n<p><strong>Coop\u00e9ration internationale : ouverture vers de nouveaux financements<\/strong><\/p>\n\n\n\n<p>Sur le plan international, le CAM a conclu un m\u00e9morandum d\u2019entente avec Cassa Depositi e Prestiti, sign\u00e9 par Mohammed Fikrat et Cristina Morelli.<\/p>\n\n\n\n<p>Cet accord \u00e9tablit un cadre de coop\u00e9ration pour identifier des opportunit\u00e9s de financement de projets d\u2019int\u00e9r\u00eat commun au Maroc, notamment dans :<\/p>\n\n\n\n<ul class=\"wp-block-list\">\n<li>l\u2019agriculture et l\u2019agro-industrie,<\/li>\n\n\n\n<li>les \u00e9nergies renouvelables,<\/li>\n\n\n\n<li>les infrastructures durables,<\/li>\n\n\n\n<li>et la gestion des ressources naturelles.<\/li>\n<\/ul>\n\n\n\n<p>Le partenariat pr\u00e9voit \u00e9galement la promotion de relations entre entreprises marocaines et italiennes afin de favoriser les partenariats \u00e9conomiques et le transfert de savoir-faire.<\/p>\n\n\n\n<p>Par ailleurs, une lettre d\u2019intention a \u00e9t\u00e9 sign\u00e9e avec le Fonds international de d\u00e9veloppement agricole, repr\u00e9sent\u00e9 par Naoufel Telahigue.<\/p>\n\n\n\n<p>Cette coop\u00e9ration vise \u00e0 renforcer :<\/p>\n\n\n\n<ul class=\"wp-block-list\">\n<li>la r\u00e9silience climatique des syst\u00e8mes agroalimentaires,<\/li>\n\n\n\n<li>l\u2019inclusion financi\u00e8re,<\/li>\n\n\n\n<li>et le partage d\u2019exp\u00e9riences entre institutions financi\u00e8res publiques.<\/li>\n<\/ul>\n\n\n\n<p>Elle s\u2019inscrit dans le cadre de la plateforme Agri-PDB port\u00e9e par le FIDA, ainsi que de l\u2019initiative ILSA financ\u00e9e par l\u2019Union europ\u00e9enne.<\/p>\n\n\n\n<p><strong>Appui aux acteurs \u00e9conomiques : PME, TPE et secteur para-agricole<\/strong><\/p>\n\n\n\n<p>Le CAM a \u00e9galement renforc\u00e9 ses partenariats avec diff\u00e9rents acteurs de l\u2019\u00e9cosyst\u00e8me.<\/p>\n\n\n\n<p>Une convention avec l\u2019Association Marocaine des Importateurs de Mat\u00e9riel Agricole \u00e9largit l\u2019offre bancaire et assurantielle avec des conditions pr\u00e9f\u00e9rentielles sur une gamme de produits, aux salari\u00e9s des entreprises membres.<\/p>\n\n\n\n<p>\u00c0 travers sa filiale ARDI Microfinance, un partenariat avec Tamwilcom a \u00e9t\u00e9 conclu pour soutenir les Tr\u00e8s Petites Entreprises (TPE). Ce dispositif repose sur l\u2019offre ARDI MOUAKABA, solution de financement \u00e9volutive destin\u00e9e \u00e0 accompagner les TPE dans leurs phases de lancement, de croissance et de structuration.<\/p>\n\n\n\n<p>Il s\u2019appuie sur deux m\u00e9canismes :<\/p>\n\n\n\n<ul class=\"wp-block-list\">\n<li>DAMANE Microfinance pour la garantie des financements,<\/li>\n\n\n\n<li>TAMWIL Microfinance pour le cofinancement des projets.<\/li>\n<\/ul>\n\n\n\n<p><strong>Innovation et mobilit\u00e9 rurale : un partenariat avec Stellantis Maroc<\/strong><\/p>\n\n\n\n<p>Enfin, dans une logique d\u2019innovation appliqu\u00e9e, le CAM a sign\u00e9 un accord avec Stellantis Maroc pour faciliter l\u2019acc\u00e8s au financement du v\u00e9hicule \u00e9lectrique FIAT TRIS.<\/p>\n\n\n\n<p>Ce dispositif, port\u00e9 notamment par Tamwil El Fellah et ARDI Microfinance, cible :<\/p>\n\n\n\n<ul class=\"wp-block-list\">\n<li>les petits et moyens agriculteurs,<\/li>\n\n\n\n<li>les coop\u00e9ratives,<\/li>\n\n\n\n<li>les associations agricoles,<\/li>\n\n\n\n<li>ainsi que les porteurs d\u2019activit\u00e9s g\u00e9n\u00e9ratrices de revenus.<\/li>\n<\/ul>\n\n\n\n<p>Le financement vise \u00e0 soutenir l\u2019acquisition de solutions de micro-mobilit\u00e9 adapt\u00e9es aux usages agricoles, notamment pour :<\/p>\n\n\n\n<ul class=\"wp-block-list\">\n<li>le transport de produits agricoles,<\/li>\n\n\n\n<li>la logistique de proximit\u00e9,<\/li>\n\n\n\n<li>et les activit\u00e9s de distribution en milieu rural.<\/li>\n<\/ul>\n\n\n\n<p><strong>Une pr\u00e9sence multisectorielle coh\u00e9rente<\/strong><\/p>\n\n\n\n<p>En filigrane de ces diff\u00e9rentes signatures, c\u2019est une logique d\u2019intervention globale qui se dessine pour le Cr\u00e9dit Agricole du Maroc. L\u2019institution articule ses actions autour de plusieurs niveaux compl\u00e9mentaires : structuration des fili\u00e8res, accompagnement des populations rurales, appui aux op\u00e9rateurs \u00e9conomiques et ouverture \u00e0 des partenaires internationaux.<\/p>\n\n\n\n<p>Cette approche ne repose pas sur des initiatives isol\u00e9es, mais sur une mise en coh\u00e9rence d\u2019outils et de partenariats mobilis\u00e9s \u00e0 diff\u00e9rentes \u00e9chelles. Elle traduit une volont\u00e9 de relier des enjeux qui, dans la pratique, sont \u00e9troitement imbriqu\u00e9s : acc\u00e8s au financement, adaptation aux contraintes climatiques, d\u00e9veloppement d\u2019activit\u00e9s \u00e9conomiques et diffusion de solutions adapt\u00e9es aux r\u00e9alit\u00e9s du terrain.<\/p>\n\n\n\n<p>La concentration des accords annonc\u00e9s \u00e0 l\u2019occasion du Salon International de l\u2019Agriculture au Maroc 2026 met ainsi en \u00e9vidence une d\u00e9marche visant \u00e0 inscrire l\u2019action du Cr\u00e9dit Agricole du Maroc dans une dynamique coordonn\u00e9e, en lien avec les orientations nationales, tout en s\u2019appuyant sur des dispositifs op\u00e9rationnels destin\u00e9s \u00e0 r\u00e9pondre aux besoins des diff\u00e9rents segments du monde agricole et rural.<\/p>\n","protected":false},"excerpt":{"rendered":"<p>\u00c0 l\u2019occasion de la 18\u00e8me&nbsp;\u00e9dition du Salon International de l\u2019Agriculture au Maroc, tenue du 20 au 28 mars 2026, le Cr\u00e9dit Agricole du Maroc (CAM) a multipli\u00e9 les partenariats strat\u00e9giques, confirmant son r\u00f4le pivot dans la transformation du secteur agricole. Transition verte, inclusion financi\u00e8re, innovation et coop\u00e9ration internationale : l\u2019institution bancaire s\u2019inscrit dans une feuille &hellip;<\/p>\n","protected":false},"author":1,"featured_media":13628,"comment_status":"open","ping_status":"closed","sticky":false,"template":"","format":"standard","meta":{"footnotes":""},"categories":[6,2],"tags":[],"class_list":["post-13627","post","type-post","status-publish","format-standard","has-post-thumbnail","","category-a-la-une","category-actus-maroc"],"aioseo_notices":[],"_links":{"self":[{"href":"https:\/\/www.foodmagazine.ma\/index.php?rest_route=\/wp\/v2\/posts\/13627","targetHints":{"allow":["GET"]}}],"collection":[{"href":"https:\/\/www.foodmagazine.ma\/index.php?rest_route=\/wp\/v2\/posts"}],"about":[{"href":"https:\/\/www.foodmagazine.ma\/index.php?rest_route=\/wp\/v2\/types\/post"}],"author":[{"embeddable":true,"href":"https:\/\/www.foodmagazine.ma\/index.php?rest_route=\/wp\/v2\/users\/1"}],"replies":[{"embeddable":true,"href":"https:\/\/www.foodmagazine.ma\/index.php?rest_route=%2Fwp%2Fv2%2Fcomments&post=13627"}],"version-history":[{"count":1,"href":"https:\/\/www.foodmagazine.ma\/index.php?rest_route=\/wp\/v2\/posts\/13627\/revisions"}],"predecessor-version":[{"id":13629,"href":"https:\/\/www.foodmagazine.ma\/index.php?rest_route=\/wp\/v2\/posts\/13627\/revisions\/13629"}],"wp:featuredmedia":[{"embeddable":true,"href":"https:\/\/www.foodmagazine.ma\/index.php?rest_route=\/wp\/v2\/media\/13628"}],"wp:attachment":[{"href":"https:\/\/www.foodmagazine.ma\/index.php?rest_route=%2Fwp%2Fv2%2Fmedia&parent=13627"}],"wp:term":[{"taxonomy":"category","embeddable":true,"href":"https:\/\/www.foodmagazine.ma\/index.php?rest_route=%2Fwp%2Fv2%2Fcategories&post=13627"},{"taxonomy":"post_tag","embeddable":true,"href":"https:\/\/www.foodmagazine.ma\/index.php?rest_route=%2Fwp%2Fv2%2Ftags&post=13627"}],"curies":[{"name":"wp","href":"https:\/\/api.w.org\/{rel}","templated":true}]}}