{"id":14498,"date":"2026-09-04T16:47:05","date_gmt":"2026-09-04T15:47:05","guid":{"rendered":"https:\/\/www.foodmagazine.ma\/?p=14498"},"modified":"2026-09-04T16:47:07","modified_gmt":"2026-09-04T15:47:07","slug":"anuga-2027-united-by-taste-au-coeur-de-la-nouvelle-identite-du-salon","status":"publish","type":"post","link":"https:\/\/www.foodmagazine.ma\/?p=14498","title":{"rendered":"Anuga 2027 : \u00ab United by Taste \u00bb au c\u0153ur de la nouvelle identit\u00e9 du salon"},"content":{"rendered":"\n<p>Anuga fait \u00e9voluer son identit\u00e9 de marque autour d\u2019un nouveau principe directeur, \u00ab United by Taste \u00bb, qui vise \u00e0 renforcer son positionnement comme point de rencontre international de l\u2019industrie agroalimentaire. Cette nouvelle campagne s\u2019accompagne d\u2019un univers visuel commun destin\u00e9 \u00e0 relier les dix salons qui composent l\u2019\u00e9v\u00e9nement.<\/p>\n\n\n\n<p>\u00c0 travers cette \u00e9volution, Anuga entend refl\u00e9ter les profondes transformations du secteur alimentaire et des boissons, marqu\u00e9es notamment par le d\u00e9veloppement de nouvelles technologies, les attentes croissantes en mati\u00e8re de durabilit\u00e9, l\u2019essor des prot\u00e9ines alternatives, l\u2019\u00e9volution des comportements de consommation et l\u2019acc\u00e9l\u00e9ration des cycles d\u2019innovation.<\/p>\n\n\n\n<p>La campagne \u00ab United by Taste \u00bb place ainsi au centre les personnes, les produits, les march\u00e9s et les id\u00e9es qui structurent l\u2019industrie mondiale. Le terme \u00ab Taste \u00bb ne renvoie pas uniquement au go\u00fbt, mais \u00e9galement \u00e0 la qualit\u00e9 des produits, \u00e0 l\u2019innovation, \u00e0 la diversit\u00e9 culturelle et aux diff\u00e9rentes attentes des march\u00e9s internationaux.<\/p>\n\n\n\n<p>Cette nouvelle identit\u00e9 repose sur un langage visuel commun. Les professionnels du secteur y sont associ\u00e9s \u00e0 des produits alimentaires pr\u00e9sent\u00e9s autour d\u2019un \u00e9l\u00e9ment circulaire \u00e9voquant une assiette. Ce principe sera d\u00e9clin\u00e9 de mani\u00e8re modulaire dans les dix salons sp\u00e9cialis\u00e9s d\u2019Anuga, en faisant dialoguer diff\u00e9rentes cultures culinaires et cat\u00e9gories de produits.<\/p>\n\n\n\n<p>L\u2019objectif est \u00e9galement de renforcer la coh\u00e9rence et la reconnaissance de la marque sur les diff\u00e9rents march\u00e9s et canaux de communication, tout en affirmant le r\u00f4le d\u2019Anuga comme plateforme internationale d\u00e9di\u00e9e au business, aux tendances, \u00e0 l\u2019innovation et au partage de connaissances.<\/p>\n\n\n\n<p>Jan Philipp Hartmann, directeur d\u2019Anuga, souligne que la nouvelle campagne vise \u00e0 mieux refl\u00e9ter la capacit\u00e9 du salon \u00e0 f\u00e9d\u00e9rer l\u2019industrie agroalimentaire mondiale autour des march\u00e9s, des cat\u00e9gories et des cultures.&nbsp;<em>\u00ab Avec \u201cUnited by Taste\u201d, nous souhaitons exprimer plus clairement cette dimension internationale et cr\u00e9er un cadre de communication fort, appel\u00e9 \u00e0 \u00e9voluer progressivement jusqu\u2019\u00e0 Anuga 2027. \u00bb<\/em><\/p>\n","protected":false},"excerpt":{"rendered":"<p>Anuga fait \u00e9voluer son identit\u00e9 de marque autour d\u2019un nouveau principe directeur, \u00ab United by Taste \u00bb, qui vise \u00e0 renforcer son positionnement comme point de rencontre international de l\u2019industrie agroalimentaire. Cette nouvelle campagne s\u2019accompagne d\u2019un univers visuel commun destin\u00e9 \u00e0 relier les dix salons qui composent l\u2019\u00e9v\u00e9nement. \u00c0 travers cette \u00e9volution, Anuga entend refl\u00e9ter &hellip;<\/p>\n","protected":false},"author":1,"featured_media":14488,"comment_status":"open","ping_status":"closed","sticky":false,"template":"","format":"standard","meta":{"footnotes":""},"categories":[6,3],"tags":[],"class_list":["post-14498","post","type-post","status-publish","format-standard","has-post-thumbnail","","category-a-la-une","category-actus-monde"],"_links":{"self":[{"href":"https:\/\/www.foodmagazine.ma\/index.php?rest_route=\/wp\/v2\/posts\/14498","targetHints":{"allow":["GET"]}}],"collection":[{"href":"https:\/\/www.foodmagazine.ma\/index.php?rest_route=\/wp\/v2\/posts"}],"about":[{"href":"https:\/\/www.foodmagazine.ma\/index.php?rest_route=\/wp\/v2\/types\/post"}],"author":[{"embeddable":true,"href":"https:\/\/www.foodmagazine.ma\/index.php?rest_route=\/wp\/v2\/users\/1"}],"replies":[{"embeddable":true,"href":"https:\/\/www.foodmagazine.ma\/index.php?rest_route=%2Fwp%2Fv2%2Fcomments&post=14498"}],"version-history":[{"count":1,"href":"https:\/\/www.foodmagazine.ma\/index.php?rest_route=\/wp\/v2\/posts\/14498\/revisions"}],"predecessor-version":[{"id":14499,"href":"https:\/\/www.foodmagazine.ma\/index.php?rest_route=\/wp\/v2\/posts\/14498\/revisions\/14499"}],"wp:featuredmedia":[{"embeddable":true,"href":"https:\/\/www.foodmagazine.ma\/index.php?rest_route=\/wp\/v2\/media\/14488"}],"wp:attachment":[{"href":"https:\/\/www.foodmagazine.ma\/index.php?rest_route=%2Fwp%2Fv2%2Fmedia&parent=14498"}],"wp:term":[{"taxonomy":"category","embeddable":true,"href":"https:\/\/www.foodmagazine.ma\/index.php?rest_route=%2Fwp%2Fv2%2Fcategories&post=14498"},{"taxonomy":"post_tag","embeddable":true,"href":"https:\/\/www.foodmagazine.ma\/index.php?rest_route=%2Fwp%2Fv2%2Ftags&post=14498"}],"curies":[{"name":"wp","href":"https:\/\/api.w.org\/{rel}","templated":true}]}}