{"id":14506,"date":"2026-09-04T16:50:33","date_gmt":"2026-09-04T15:50:33","guid":{"rendered":"https:\/\/www.foodmagazine.ma\/?p=14506"},"modified":"2026-09-04T16:50:34","modified_gmt":"2026-09-04T15:50:34","slug":"morocco-foodex-le-maroc-renforce-sa-presence-sur-les-grands-rendez-vous-internationaux","status":"publish","type":"post","link":"https:\/\/www.foodmagazine.ma\/?p=14506","title":{"rendered":"Morocco Foodex : le Maroc renforce sa pr\u00e9sence sur les grands rendez-vous internationaux"},"content":{"rendered":"\n<p>Le Maroc renforcera sa pr\u00e9sence sur les march\u00e9s internationaux \u00e0 travers la participation du pavillon Maroc \u00e0 cinq salons agroalimentaires entre septembre et novembre 2026.<\/p>\n\n\n\n<p>La tourn\u00e9e d\u00e9butera \u00e0 Djeddah, avec le Saudi Food Show, pr\u00e9vu du 27 au 29 septembre 2026. Elle se poursuivra en Espagne avec deux rendez-vous organis\u00e9s simultan\u00e9ment du 6 au 8 octobre : Conxemar, \u00e0 Vigo, consacr\u00e9 notamment aux produits de la mer, et Fruit Attraction, \u00e0 Madrid, d\u00e9di\u00e9 \u00e0 la fili\u00e8re des fruits et l\u00e9gumes.<\/p>\n\n\n\n<p>Le Maroc sera ensuite pr\u00e9sent au SIAL Paris, l\u2019un des grands rendez-vous internationaux de l\u2019industrie alimentaire, qui se tiendra du 17 au 21 octobre 2026 dans la capitale fran\u00e7aise.<\/p>\n\n\n\n<p>Cette s\u00e9rie de participations s\u2019ach\u00e8vera \u00e0 Duba\u00ef avec ISM Middle East, programm\u00e9 du 3 au 5 novembre 2026 et consacr\u00e9 notamment aux secteurs de la confiserie, des snacks et des produits sucr\u00e9s.<\/p>\n\n\n\n<p>\u00c0 travers cette pr\u00e9sence, Morocco Foodex entend mettre en avant la diversit\u00e9 et la qualit\u00e9 de l\u2019offre agroalimentaire marocaine aupr\u00e8s des acheteurs et partenaires internationaux. Ces rendez-vous constituent \u00e9galement une opportunit\u00e9 pour les op\u00e9rateurs nationaux de renforcer leur visibilit\u00e9, d\u00e9velopper de nouveaux d\u00e9bouch\u00e9s \u00e0 l\u2019export et consolider le positionnement du Made in Morocco sur les march\u00e9s ext\u00e9rieurs.<\/p>\n","protected":false},"excerpt":{"rendered":"<p>Le Maroc renforcera sa pr\u00e9sence sur les march\u00e9s internationaux \u00e0 travers la participation du pavillon Maroc \u00e0 cinq salons agroalimentaires entre septembre et novembre 2026. La tourn\u00e9e d\u00e9butera \u00e0 Djeddah, avec le Saudi Food Show, pr\u00e9vu du 27 au 29 septembre 2026. Elle se poursuivra en Espagne avec deux rendez-vous organis\u00e9s simultan\u00e9ment du 6 au &hellip;<\/p>\n","protected":false},"author":1,"featured_media":14485,"comment_status":"open","ping_status":"closed","sticky":false,"template":"","format":"standard","meta":{"footnotes":""},"categories":[6,2],"tags":[],"class_list":["post-14506","post","type-post","status-publish","format-standard","has-post-thumbnail","","category-a-la-une","category-actus-maroc"],"_links":{"self":[{"href":"https:\/\/www.foodmagazine.ma\/index.php?rest_route=\/wp\/v2\/posts\/14506","targetHints":{"allow":["GET"]}}],"collection":[{"href":"https:\/\/www.foodmagazine.ma\/index.php?rest_route=\/wp\/v2\/posts"}],"about":[{"href":"https:\/\/www.foodmagazine.ma\/index.php?rest_route=\/wp\/v2\/types\/post"}],"author":[{"embeddable":true,"href":"https:\/\/www.foodmagazine.ma\/index.php?rest_route=\/wp\/v2\/users\/1"}],"replies":[{"embeddable":true,"href":"https:\/\/www.foodmagazine.ma\/index.php?rest_route=%2Fwp%2Fv2%2Fcomments&post=14506"}],"version-history":[{"count":1,"href":"https:\/\/www.foodmagazine.ma\/index.php?rest_route=\/wp\/v2\/posts\/14506\/revisions"}],"predecessor-version":[{"id":14507,"href":"https:\/\/www.foodmagazine.ma\/index.php?rest_route=\/wp\/v2\/posts\/14506\/revisions\/14507"}],"wp:featuredmedia":[{"embeddable":true,"href":"https:\/\/www.foodmagazine.ma\/index.php?rest_route=\/wp\/v2\/media\/14485"}],"wp:attachment":[{"href":"https:\/\/www.foodmagazine.ma\/index.php?rest_route=%2Fwp%2Fv2%2Fmedia&parent=14506"}],"wp:term":[{"taxonomy":"category","embeddable":true,"href":"https:\/\/www.foodmagazine.ma\/index.php?rest_route=%2Fwp%2Fv2%2Fcategories&post=14506"},{"taxonomy":"post_tag","embeddable":true,"href":"https:\/\/www.foodmagazine.ma\/index.php?rest_route=%2Fwp%2Fv2%2Ftags&post=14506"}],"curies":[{"name":"wp","href":"https:\/\/api.w.org\/{rel}","templated":true}]}}