{"id":14508,"date":"2026-09-04T16:52:41","date_gmt":"2026-09-04T15:52:41","guid":{"rendered":"https:\/\/www.foodmagazine.ma\/?p=14508"},"modified":"2026-09-04T16:54:30","modified_gmt":"2026-09-04T15:54:30","slug":"morocco-food-world-un-nouveau-rendez-vous-international-pour-lagroalimentaire-marocain","status":"publish","type":"post","link":"https:\/\/www.foodmagazine.ma\/?p=14508","title":{"rendered":"Morocco Food World : un nouveau rendez-vous international pour l\u2019agroalimentaire marocain"},"content":{"rendered":"\n<p>La F\u00e9d\u00e9ration nationale de l\u2019agroalimentaire (FENAGRI) et Messe D\u00fcsseldorf ont conclu le 2 septembre 2026 \u00e0 Rabat,un partenariat strat\u00e9gique pour lancer Morocco Food World, premier salon international au Maroc d\u00e9di\u00e9 \u00e0 l\u2019\u00e9cosyst\u00e8me de l\u2019industrie agroalimentaire.<\/p>\n\n\n\n<p>Pr\u00e9vu au second semestre 2027, l\u2019\u00e9v\u00e9nement r\u00e9unira les principaux acteurs nationaux et internationaux de la cha\u00eene de valeur agroalimentaire, notamment les industriels, fournisseurs de technologies de transformation et d\u2019emballage, fournisseurs d\u2019ingr\u00e9dients, entreprises de services, investisseurs et acheteurs internationaux.<\/p>\n\n\n\n<p>Le salon b\u00e9n\u00e9ficiera \u00e9galement du soutien des pouvoirs publics et des institutions nationales concern\u00e9es, afin de renforcer son ancrage au Maroc et son rayonnement \u00e0 l\u2019international. Il s\u2019appuiera sur l\u2019ancrage de la FENAGRI dans l\u2019agroalimentaire marocain et sur le savoir-faire international de Messe D\u00fcsseldorf pour cr\u00e9er une plateforme durable d\u00e9di\u00e9e aux affaires, \u00e0 l\u2019investissement, \u00e0 l\u2019innovation et \u00e0 la coop\u00e9ration.<\/p>\n\n\n\n<p><strong>Un salon pour diversifier les march\u00e9s<\/strong><\/p>\n\n\n\n<p>Omar Hejira, secr\u00e9taire d\u2019\u00c9tat aupr\u00e8s du ministre de l\u2019Industrie et du Commerce, charg\u00e9 du Commerce ext\u00e9rieur, a soulign\u00e9 l\u2019importance strat\u00e9gique de l\u2019industrie alimentaire, qui repr\u00e9sente pr\u00e8s de 20 % des exportations marocaines et emploie environ 200 000 personnes dans le secteur industriel. Il a salu\u00e9 le partenariat entre la FENAGRI et Messe D\u00fcsseldorf pour le lancement du premier salon international d\u00e9di\u00e9 aux produits alimentaires au Maroc, qui devrait r\u00e9unir des participants d\u2019Afrique, d\u2019Europe, d\u2019Asie et d\u2019Am\u00e9rique latine. \u00ab&nbsp;<em>Cet \u00e9v\u00e9nement s\u2019inscrit dans la volont\u00e9 de diversifier nos partenaires et nos march\u00e9s, conform\u00e9ment aux orientations de Sa Majest\u00e9 le Roi<\/em>&nbsp;\u00bb, a-t-il d\u00e9clar\u00e9, ajoutant qu\u2019une place particuli\u00e8re sera accord\u00e9e aux pays africains amis et fr\u00e8res du Royaume.<\/p>\n\n\n\n<p><strong>Un pont vers les march\u00e9s mondiaux<\/strong><\/p>\n\n\n\n<p>Le salon vise \u00e0 valoriser les capacit\u00e9s industrielles du Maroc et son potentiel comme hub r\u00e9gional et continental de production, transformation et conditionnement des produits alimentaires.<\/p>\n\n\n\n<p>Il favorisera les \u00e9changes B2B, les partenariats industriels et commerciaux, les investissements, le transfert de technologies, le d\u00e9veloppement des exportations ainsi que la promotion du savoir-faire marocain et du label \u00ab Made in Morocco \u00bb.<\/p>\n\n\n\n<p>L\u2019\u00e9v\u00e9nement constituera \u00e9galement un espace de dialogue autour des principaux enjeux du secteur, notamment la comp\u00e9titivit\u00e9, la durabilit\u00e9, la souverainet\u00e9 alimentaire, l\u2019innovation technologique, la digitalisation, la cr\u00e9ation de valeur locale et l\u2019int\u00e9gration des cha\u00eenes de valeur.<\/p>\n\n\n\n<p>Le pr\u00e9sident de la FENAGRI, M. Abdelmounim El Eulj, souligne que ce partenariat constitue une \u00e9tape importante pour d\u00e9velopper et internationaliser l\u2019industrie agroalimentaire marocaine. \u00ab&nbsp;<em>En travaillant avec Messe D\u00fcsseldorf, nous ambitionnons de cr\u00e9er une plateforme internationale de r\u00e9f\u00e9rence qui promeut les entreprises marocaines, attire les investissements et connecte notre \u00e9cosyst\u00e8me national aux march\u00e9s mondiaux.<\/em>&nbsp;\u00bb<\/p>\n\n\n\n<p><strong>Le Maroc, un hub strat\u00e9gique<\/strong><\/p>\n\n\n\n<p>Le Maroc s\u2019affirme comme un hub industriel et commercial strat\u00e9gique, gr\u00e2ce \u00e0 ses infrastructures, ses connexions avec l\u2019Europe et l\u2019Afrique et son r\u00e9seau d\u2019accords commerciaux. Cette position renforce son attractivit\u00e9 pour les acteurs de l\u2019agroalimentaire, de la transformation et de l\u2019emballage.<\/p>\n\n\n\n<p>Le nouveau salon permettra \u00e0 Messe D\u00fcsseldorf d\u2019\u00e9tendre son r\u00e9seau vers l\u2019Afrique du Nord et de l\u2019Ouest, en compl\u00e9ment de ses activit\u00e9s r\u00e9gionale.<\/p>\n\n\n\n<p>Wolfram N. Diener, PDG de Messe D\u00fcsseldorf, souligne le potentiel du Maroc comme passerelle entre l\u2019Europe, l\u2019Afrique et les march\u00e9s mondiaux, ainsi que la compl\u00e9mentarit\u00e9 des expertises de Messe D\u00fcsseldorf et de la FENAGRI. \u00ab&nbsp;<em>Cela constitue une excellente base pour construire une plateforme professionnelle cr\u00e9atrice de valeur \u00e0 long terme pour les exposants, les acheteurs et l\u2019ensemble de l\u2019industrie<\/em>.&nbsp;\u00bb<\/p>\n\n\n\n<p>De son c\u00f4t\u00e9, Bernd Jablonowski a mis en avant la convergence entre les approches de Messe D\u00fcsseldorf et de la FENAGRI, ainsi que leur ambition commune pour l\u2019organisation de ce nouveau rendez-vous international au Maroc.<\/p>\n\n\n\n<p><strong>Une plateforme internationale d\u2019avenir<\/strong><\/p>\n\n\n\n<p>L\u2019\u00e9v\u00e9nement ambitionne de devenir une plateforme internationale d\u2019affaires, d\u2019innovation et de coop\u00e9ration, au service du d\u00e9veloppement durable des industries agroalimentaire et de l\u2019emballage au Maroc.<\/p>\n\n\n\n<p>Les informations relatives au lieu, aux dates et aux modalit\u00e9s de participation seront communiqu\u00e9es ult\u00e9rieurement par la FENAGRI et Messe D\u00fcsseldorf.<\/p>\n\n\n\n<p><\/p>\n\n\n\n<figure class=\"wp-block-embed is-type-video is-provider-youtube wp-block-embed-youtube wp-embed-aspect-16-9 wp-has-aspect-ratio\"><div class=\"wp-block-embed__wrapper\">\n<iframe loading=\"lazy\" title=\"\ud835\udc0c\ud835\udc28\ud835\udc2b\ud835\udc28\ud835\udc1c\ud835\udc1c\ud835\udc28 \ud835\udc05\ud835\udc28\ud835\udc28\ud835\udc1d \ud835\udc16\ud835\udc28\ud835\udc2b\ud835\udc25\ud835\udc1d : \ud835\udc25\ud835\udc1e \ud835\udc0c\ud835\udc1a\ud835\udc2b\ud835\udc28\ud835\udc1c \ud835\udc25\ud835\udc1a\ud835\udc27\ud835\udc1c\ud835\udc1e \ud835\udc2c\ud835\udc28\ud835\udc27 \ud835\udc29\ud835\udc2b\ud835\udc1e\ud835\udc26\ud835\udc22\ud835\udc1e\ud835\udc2b \ud835\udc2c\ud835\udc1a\ud835\udc25\ud835\udc28\ud835\udc27 \ud835\udc22\ud835\udc27\ud835\udc2d\ud835\udc1e\ud835\udc2b\ud835\udc27\ud835\udc1a\ud835\udc2d\ud835\udc22\ud835\udc28\ud835\udc27\ud835\udc1a\ud835\udc25\" width=\"618\" height=\"348\" src=\"https:\/\/www.youtube.com\/embed\/PmPJJ4_7ysc?feature=oembed\" frameborder=\"0\" allow=\"accelerometer; autoplay; clipboard-write; encrypted-media; gyroscope; picture-in-picture; web-share\" referrerpolicy=\"strict-origin-when-cross-origin\" allowfullscreen><\/iframe>\n<\/div><\/figure>\n","protected":false},"excerpt":{"rendered":"<p>La F\u00e9d\u00e9ration nationale de l\u2019agroalimentaire (FENAGRI) et Messe D\u00fcsseldorf ont conclu le 2 septembre 2026 \u00e0 Rabat,un partenariat strat\u00e9gique pour lancer Morocco Food World, premier salon international au Maroc d\u00e9di\u00e9 \u00e0 l\u2019\u00e9cosyst\u00e8me de l\u2019industrie agroalimentaire. Pr\u00e9vu au second semestre 2027, l\u2019\u00e9v\u00e9nement r\u00e9unira les principaux acteurs nationaux et internationaux de la cha\u00eene de valeur agroalimentaire, notamment &hellip;<\/p>\n","protected":false},"author":1,"featured_media":14509,"comment_status":"open","ping_status":"closed","sticky":false,"template":"","format":"standard","meta":{"footnotes":""},"categories":[6,2],"tags":[],"class_list":["post-14508","post","type-post","status-publish","format-standard","has-post-thumbnail","","category-a-la-une","category-actus-maroc"],"_links":{"self":[{"href":"https:\/\/www.foodmagazine.ma\/index.php?rest_route=\/wp\/v2\/posts\/14508","targetHints":{"allow":["GET"]}}],"collection":[{"href":"https:\/\/www.foodmagazine.ma\/index.php?rest_route=\/wp\/v2\/posts"}],"about":[{"href":"https:\/\/www.foodmagazine.ma\/index.php?rest_route=\/wp\/v2\/types\/post"}],"author":[{"embeddable":true,"href":"https:\/\/www.foodmagazine.ma\/index.php?rest_route=\/wp\/v2\/users\/1"}],"replies":[{"embeddable":true,"href":"https:\/\/www.foodmagazine.ma\/index.php?rest_route=%2Fwp%2Fv2%2Fcomments&post=14508"}],"version-history":[{"count":1,"href":"https:\/\/www.foodmagazine.ma\/index.php?rest_route=\/wp\/v2\/posts\/14508\/revisions"}],"predecessor-version":[{"id":14510,"href":"https:\/\/www.foodmagazine.ma\/index.php?rest_route=\/wp\/v2\/posts\/14508\/revisions\/14510"}],"wp:featuredmedia":[{"embeddable":true,"href":"https:\/\/www.foodmagazine.ma\/index.php?rest_route=\/wp\/v2\/media\/14509"}],"wp:attachment":[{"href":"https:\/\/www.foodmagazine.ma\/index.php?rest_route=%2Fwp%2Fv2%2Fmedia&parent=14508"}],"wp:term":[{"taxonomy":"category","embeddable":true,"href":"https:\/\/www.foodmagazine.ma\/index.php?rest_route=%2Fwp%2Fv2%2Fcategories&post=14508"},{"taxonomy":"post_tag","embeddable":true,"href":"https:\/\/www.foodmagazine.ma\/index.php?rest_route=%2Fwp%2Fv2%2Ftags&post=14508"}],"curies":[{"name":"wp","href":"https:\/\/api.w.org\/{rel}","templated":true}]}}