{"id":1687,"date":"2020-04-17T11:55:36","date_gmt":"2020-04-17T10:55:36","guid":{"rendered":"http:\/\/www.foodmagazine.ma\/?p=1687"},"modified":"2020-04-17T11:55:37","modified_gmt":"2020-04-17T10:55:37","slug":"krones-un-stand-virtuel-pour-remplacer-le-salon-interpack","status":"publish","type":"post","link":"https:\/\/www.foodmagazine.ma\/?p=1687","title":{"rendered":"Krones : un stand virtuel pour remplacer le salon interpack"},"content":{"rendered":"\n<figure class=\"wp-block-image size-large\"><img loading=\"lazy\" decoding=\"async\" width=\"1000\" height=\"562\" src=\"https:\/\/www.foodmagazine.ma\/wp-content\/uploads\/2020\/04\/Krones-Kreislauf-1-1.jpg\" alt=\"\" class=\"wp-image-1675\" srcset=\"https:\/\/www.foodmagazine.ma\/wp-content\/uploads\/2020\/04\/Krones-Kreislauf-1-1.jpg 1000w, https:\/\/www.foodmagazine.ma\/wp-content\/uploads\/2020\/04\/Krones-Kreislauf-1-1-300x169.jpg 300w, https:\/\/www.foodmagazine.ma\/wp-content\/uploads\/2020\/04\/Krones-Kreislauf-1-1-768x432.jpg 768w\" sizes=\"auto, (max-width: 1000px) 100vw, 1000px\" \/><\/figure>\n\n\n\n<p>Le salon interpack, \u00e0 l\u2019instar de tous les \u00e9v\u00e9nements professionnels de cette ann\u00e9e, a d\u00fb \u00eatre report\u00e9. Afin de donner \u00e0 ses clients et prospects un aper\u00e7u de ses solutions de conditionnement l\u2019\u00e9quipementier Krones a cr\u00e9\u00e9 un stand virtuel, rendant ainsi son exposition pr\u00e9vue pour interface accessible sous forme d\u2019exp\u00e9rience digitale. Fid\u00e8le \u00e0 l\u2019original et en 3D, ce stand virtuel fera ses d\u00e9buts le 28 avril prochain et mettra en avant les solutions permettant de diminuer la consommation de ressources et de s\u2019orienter vers une \u00e9conomie circulaire plus durable. Le LitePac Top, packaging secondaire \u00e9conomique \u00e0 produire et g\u00e9n\u00e9rant moins de d\u00e9chets que les films \u00e9tirables, sera pr\u00e9sent\u00e9 sur la machine Varioline 2M, aux c\u00f4t\u00e9s de l\u2019imprimante DecoType, ou encore de la ligne de recyclage MetaPure.<\/p>\n\n\n\n<p>Les visiteurs du stand virtuel b\u00e9n\u00e9ficieront d\u2019une assistance sous forme de live-chat du 28 au 30 avril.<\/p>\n","protected":false},"excerpt":{"rendered":"<p>Le salon interpack, \u00e0 l\u2019instar de tous les \u00e9v\u00e9nements professionnels de cette ann\u00e9e, a d\u00fb \u00eatre report\u00e9. Afin de donner \u00e0 ses clients et prospects un aper\u00e7u de ses solutions de conditionnement l\u2019\u00e9quipementier Krones a cr\u00e9\u00e9 un stand virtuel, rendant ainsi son exposition pr\u00e9vue pour interface accessible sous forme d\u2019exp\u00e9rience digitale. Fid\u00e8le \u00e0 l\u2019original et &hellip;<\/p>\n","protected":false},"author":1,"featured_media":1675,"comment_status":"open","ping_status":"closed","sticky":false,"template":"","format":"standard","meta":{"footnotes":""},"categories":[6,3],"tags":[],"class_list":["post-1687","post","type-post","status-publish","format-standard","has-post-thumbnail","","category-a-la-une","category-actus-monde"],"aioseo_notices":[],"_links":{"self":[{"href":"https:\/\/www.foodmagazine.ma\/index.php?rest_route=\/wp\/v2\/posts\/1687","targetHints":{"allow":["GET"]}}],"collection":[{"href":"https:\/\/www.foodmagazine.ma\/index.php?rest_route=\/wp\/v2\/posts"}],"about":[{"href":"https:\/\/www.foodmagazine.ma\/index.php?rest_route=\/wp\/v2\/types\/post"}],"author":[{"embeddable":true,"href":"https:\/\/www.foodmagazine.ma\/index.php?rest_route=\/wp\/v2\/users\/1"}],"replies":[{"embeddable":true,"href":"https:\/\/www.foodmagazine.ma\/index.php?rest_route=%2Fwp%2Fv2%2Fcomments&post=1687"}],"version-history":[{"count":1,"href":"https:\/\/www.foodmagazine.ma\/index.php?rest_route=\/wp\/v2\/posts\/1687\/revisions"}],"predecessor-version":[{"id":1688,"href":"https:\/\/www.foodmagazine.ma\/index.php?rest_route=\/wp\/v2\/posts\/1687\/revisions\/1688"}],"wp:featuredmedia":[{"embeddable":true,"href":"https:\/\/www.foodmagazine.ma\/index.php?rest_route=\/wp\/v2\/media\/1675"}],"wp:attachment":[{"href":"https:\/\/www.foodmagazine.ma\/index.php?rest_route=%2Fwp%2Fv2%2Fmedia&parent=1687"}],"wp:term":[{"taxonomy":"category","embeddable":true,"href":"https:\/\/www.foodmagazine.ma\/index.php?rest_route=%2Fwp%2Fv2%2Fcategories&post=1687"},{"taxonomy":"post_tag","embeddable":true,"href":"https:\/\/www.foodmagazine.ma\/index.php?rest_route=%2Fwp%2Fv2%2Ftags&post=1687"}],"curies":[{"name":"wp","href":"https:\/\/api.w.org\/{rel}","templated":true}]}}