{"id":1689,"date":"2020-04-17T11:59:33","date_gmt":"2020-04-17T10:59:33","guid":{"rendered":"http:\/\/www.foodmagazine.ma\/?p=1689"},"modified":"2020-04-17T11:59:34","modified_gmt":"2020-04-17T10:59:34","slug":"plus-que-jamais-la-cooperation-agricole-le-developpement-rural-et-linvestissement-dans-le-capital-humain-sont-une-priorite-en-mediterranee-tribune-de-placido-plaza-secretaire-gener","status":"publish","type":"post","link":"https:\/\/www.foodmagazine.ma\/?p=1689","title":{"rendered":"\u00ab Plus que jamais la coop\u00e9ration agricole, le d\u00e9veloppement rural et l&#8217;investissement dans le capital humain sont une priorit\u00e9 en M\u00e9diterran\u00e9e \u00bb : tribune de Pl\u00e1cido Plaza, Secr\u00e9taire-G\u00e9n\u00e9ral du CIHEAM*"},"content":{"rendered":"\n<figure class=\"wp-block-image size-large\"><img loading=\"lazy\" decoding=\"async\" width=\"1000\" height=\"554\" src=\"https:\/\/www.foodmagazine.ma\/wp-content\/uploads\/2020\/04\/ooo-1.jpg\" alt=\"\" class=\"wp-image-1677\" srcset=\"https:\/\/www.foodmagazine.ma\/wp-content\/uploads\/2020\/04\/ooo-1.jpg 1000w, https:\/\/www.foodmagazine.ma\/wp-content\/uploads\/2020\/04\/ooo-1-300x166.jpg 300w, https:\/\/www.foodmagazine.ma\/wp-content\/uploads\/2020\/04\/ooo-1-768x425.jpg 768w\" sizes=\"auto, (max-width: 1000px) 100vw, 1000px\" \/><\/figure>\n\n\n\n<p>Aux crises sanitaire et financi\u00e8re provoqu\u00e9es par le nouveau coronavirus (Covid-19) s&#8217;ajoutent les risques de crises alimentaires, sociales et \u00e9conomiques de nature \u00e0 aggraver la situation dans les territoires les plus fragiles du monde qui doivent d\u00e9j\u00e0 composer avec les chocs climatiques, la diminution des ressources naturelles et la pauvret\u00e9.<\/p>\n\n\n\n<p>L&#8217;espace m\u00e9diterran\u00e9en, interface des continents africain, asiatique et europ\u00e9en est l&#8217;un des \u00e9picentres de cette pand\u00e9mie de COVID-19. Il subit des pertes humaines importantes et les r\u00e9percussions socio-\u00e9conomiques y seront vraisemblablement colossales.<\/p>\n\n\n\n<p>Des millions de foyers seront impact\u00e9s, en particulier ceux qui vivent des activit\u00e9s informelles omnipr\u00e9sentes en ville mais aussi dans les agglom\u00e9rations rurales. Les groupes les plus vuln\u00e9rables, petits agriculteurs, \u00e9leveurs et p\u00eacheurs pourraient se voir r\u00e9duire l&#8217;acc\u00e8s \u00e0 leurs terres, \u00e0 leur b\u00e9tail ou \u00e0 leurs outils de p\u00eache, avec des cons\u00e9quences importantes sur la demande et l&#8217;offre des produits alimentaires. Ils rencontreront \u00e9galement des difficult\u00e9s pour acc\u00e9der aux march\u00e9s pour vendre leurs produits ou acheter des semences ou d&#8217;autres biens de base.<\/p>\n\n\n\n<p>Avec un d\u00e9ficit \u00e0 l&#8217;acc\u00e8s \u00e0 des biens et services essentiels tels les \u00e9quipements hospitaliers, l&#8217;eau -essentielle \u00e0 la d\u00e9sinfection- ou encore internet pour se tenir inform\u00e9s de l&#8217;\u00e9volution de la pand\u00e9mie et des moyens de s&#8217;en prot\u00e9ger, la situation des zones rurales et agricoles peut consid\u00e9rablement s&#8217;aggraver car elles souffrent d\u00e9j\u00e0 d&#8217;un enclavement certain, des chocs climatiques, de la diminution des ressources naturelles et de la pauvret\u00e9.<\/p>\n\n\n\n<p class=\"has-medium-font-size\"><strong>\u00ab L&#8217;heure est \u00e0 la r\u00e9vision des mod\u00e8les de d\u00e9veloppement et au renforcement de la coop\u00e9ration \u00bb<\/strong><\/p>\n\n\n\n<p>Le CIHEAM, acteur m\u00e9diterran\u00e9en de la formation, de la recherche, de la coop\u00e9ration agricole, du d\u00e9veloppement rural et du dialogue r\u00e9gional dans ces domaines depuis 1962, sait \u00e0 quel point l&#8217;avenir de la r\u00e9gion se jouera sur la capacit\u00e9 des pays \u00e0 renforcer leur coop\u00e9ration sur des domaines prioritaires, aujourd&#8217;hui r\u00e9v\u00e9l\u00e9s par la pand\u00e9mie.<\/p>\n\n\n\n<p>Ces domaines prioritaires de travail du CIHEAM et la lutte contre les pand\u00e9mies sont \u00e9troitement li\u00e9s :<\/p>\n\n\n\n<p>Assurer la s\u00e9curit\u00e9 alimentaire et nutritionnelle pour tous,<\/p>\n\n\n\n<p>Investir dans le capital humain (dont la formation et le renforcement de capacit\u00e9s) pour des soci\u00e9t\u00e9s plus r\u00e9silientes<\/p>\n\n\n\n<p>Renforcer le dialogue m\u00e9diterran\u00e9en et la coop\u00e9ration<\/p>\n\n\n\n<p>En effet, la sortie de la crise du COVID-19 et du confinement ne signifiera nullement la fin des autres crises.<\/p>\n\n\n\n<p>L&#8217;heure sera \u00e0 la r\u00e9vision des mod\u00e8les de d\u00e9veloppement et au renforcement de la coop\u00e9ration, en faveur d&#8217;une M\u00e9diterran\u00e9e bas\u00e9e sur des syst\u00e8mes alimentaires r\u00e9silients et solidaires.<\/p>\n\n\n\n<p><em>*Centre international des hautes \u00e9tudes agronomiques m\u00e9diterran\u00e9ennes<\/em><\/p>\n","protected":false},"excerpt":{"rendered":"<p>Aux crises sanitaire et financi\u00e8re provoqu\u00e9es par le nouveau coronavirus (Covid-19) s&#8217;ajoutent les risques de crises alimentaires, sociales et \u00e9conomiques de nature \u00e0 aggraver la situation dans les territoires les plus fragiles du monde qui doivent d\u00e9j\u00e0 composer avec les chocs climatiques, la diminution des ressources naturelles et la pauvret\u00e9. L&#8217;espace m\u00e9diterran\u00e9en, interface des continents &hellip;<\/p>\n","protected":false},"author":1,"featured_media":1677,"comment_status":"open","ping_status":"closed","sticky":false,"template":"","format":"standard","meta":{"footnotes":""},"categories":[6,3],"tags":[],"class_list":["post-1689","post","type-post","status-publish","format-standard","has-post-thumbnail","","category-a-la-une","category-actus-monde"],"aioseo_notices":[],"_links":{"self":[{"href":"https:\/\/www.foodmagazine.ma\/index.php?rest_route=\/wp\/v2\/posts\/1689","targetHints":{"allow":["GET"]}}],"collection":[{"href":"https:\/\/www.foodmagazine.ma\/index.php?rest_route=\/wp\/v2\/posts"}],"about":[{"href":"https:\/\/www.foodmagazine.ma\/index.php?rest_route=\/wp\/v2\/types\/post"}],"author":[{"embeddable":true,"href":"https:\/\/www.foodmagazine.ma\/index.php?rest_route=\/wp\/v2\/users\/1"}],"replies":[{"embeddable":true,"href":"https:\/\/www.foodmagazine.ma\/index.php?rest_route=%2Fwp%2Fv2%2Fcomments&post=1689"}],"version-history":[{"count":1,"href":"https:\/\/www.foodmagazine.ma\/index.php?rest_route=\/wp\/v2\/posts\/1689\/revisions"}],"predecessor-version":[{"id":1690,"href":"https:\/\/www.foodmagazine.ma\/index.php?rest_route=\/wp\/v2\/posts\/1689\/revisions\/1690"}],"wp:featuredmedia":[{"embeddable":true,"href":"https:\/\/www.foodmagazine.ma\/index.php?rest_route=\/wp\/v2\/media\/1677"}],"wp:attachment":[{"href":"https:\/\/www.foodmagazine.ma\/index.php?rest_route=%2Fwp%2Fv2%2Fmedia&parent=1689"}],"wp:term":[{"taxonomy":"category","embeddable":true,"href":"https:\/\/www.foodmagazine.ma\/index.php?rest_route=%2Fwp%2Fv2%2Fcategories&post=1689"},{"taxonomy":"post_tag","embeddable":true,"href":"https:\/\/www.foodmagazine.ma\/index.php?rest_route=%2Fwp%2Fv2%2Ftags&post=1689"}],"curies":[{"name":"wp","href":"https:\/\/api.w.org\/{rel}","templated":true}]}}