{"id":1695,"date":"2020-04-17T12:05:32","date_gmt":"2020-04-17T11:05:32","guid":{"rendered":"http:\/\/www.foodmagazine.ma\/?p=1695"},"modified":"2020-04-17T12:05:33","modified_gmt":"2020-04-17T11:05:33","slug":"le-ministere-de-leconomie-lance-une-rubrique-dediee-aux-mesures-prises-pour-gerer-le-covid-19","status":"publish","type":"post","link":"https:\/\/www.foodmagazine.ma\/?p=1695","title":{"rendered":"Le Minist\u00e8re de l&#8217;\u00c9conomie lance une rubrique d\u00e9di\u00e9e aux mesures prises pour g\u00e9rer le Covid-19"},"content":{"rendered":"\n<figure class=\"wp-block-image size-large\"><img loading=\"lazy\" decoding=\"async\" width=\"1000\" height=\"549\" src=\"https:\/\/www.foodmagazine.ma\/wp-content\/uploads\/2020\/04\/CVE-site-2.jpg\" alt=\"\" class=\"wp-image-1671\" srcset=\"https:\/\/www.foodmagazine.ma\/wp-content\/uploads\/2020\/04\/CVE-site-2.jpg 1000w, https:\/\/www.foodmagazine.ma\/wp-content\/uploads\/2020\/04\/CVE-site-2-300x165.jpg 300w, https:\/\/www.foodmagazine.ma\/wp-content\/uploads\/2020\/04\/CVE-site-2-768x422.jpg 768w\" sizes=\"auto, (max-width: 1000px) 100vw, 1000px\" \/><\/figure>\n\n\n\n<p>Le Minist\u00e8re de l&#8217;\u00c9conomie, des Finances et de la R\u00e9forme de l&#8217;administration vient d&#8217;enrichir son site web par une nouvelle rubrique intitul\u00e9e \u00ab Covid-19 : Mesures prises par le Comit\u00e9 de Veille \u00c9conomique et par le Minist\u00e8re. \u00bb<\/p>\n\n\n\n<p>Cette rubrique, lanc\u00e9e le 15 avril dernier, pr\u00e9sente une plateforme qui donne un aper\u00e7u sur la composition dudit comit\u00e9 et les objectifs de sa cr\u00e9ation, ainsi que sur le Fonds sp\u00e9cial pour la gestion de la pand\u00e9mie du coronavirus, y compris les informations relatives au compte bancaire d\u00e9di\u00e9 \u00e0 la r\u00e9ception des dons.<\/p>\n\n\n\n<p>La rubrique regroupe aussi les diff\u00e9rentes dispositions prises par le Minist\u00e8re au niveau des administrations publiques, des collectivit\u00e9s territoriales et des \u00e9tablissements et entreprises publics, ainsi que celles relatives \u00e0 la r\u00e9glementation des prix pour les masques et le gel antiseptique.<\/p>\n","protected":false},"excerpt":{"rendered":"<p>Le Minist\u00e8re de l&#8217;\u00c9conomie, des Finances et de la R\u00e9forme de l&#8217;administration vient d&#8217;enrichir son site web par une nouvelle rubrique intitul\u00e9e \u00ab Covid-19 : Mesures prises par le Comit\u00e9 de Veille \u00c9conomique et par le Minist\u00e8re. \u00bb Cette rubrique, lanc\u00e9e le 15 avril dernier, pr\u00e9sente une plateforme qui donne un aper\u00e7u sur la composition &hellip;<\/p>\n","protected":false},"author":1,"featured_media":1671,"comment_status":"open","ping_status":"closed","sticky":false,"template":"","format":"standard","meta":{"footnotes":""},"categories":[6,2],"tags":[],"class_list":["post-1695","post","type-post","status-publish","format-standard","has-post-thumbnail","","category-a-la-une","category-actus-maroc"],"aioseo_notices":[],"_links":{"self":[{"href":"https:\/\/www.foodmagazine.ma\/index.php?rest_route=\/wp\/v2\/posts\/1695","targetHints":{"allow":["GET"]}}],"collection":[{"href":"https:\/\/www.foodmagazine.ma\/index.php?rest_route=\/wp\/v2\/posts"}],"about":[{"href":"https:\/\/www.foodmagazine.ma\/index.php?rest_route=\/wp\/v2\/types\/post"}],"author":[{"embeddable":true,"href":"https:\/\/www.foodmagazine.ma\/index.php?rest_route=\/wp\/v2\/users\/1"}],"replies":[{"embeddable":true,"href":"https:\/\/www.foodmagazine.ma\/index.php?rest_route=%2Fwp%2Fv2%2Fcomments&post=1695"}],"version-history":[{"count":1,"href":"https:\/\/www.foodmagazine.ma\/index.php?rest_route=\/wp\/v2\/posts\/1695\/revisions"}],"predecessor-version":[{"id":1696,"href":"https:\/\/www.foodmagazine.ma\/index.php?rest_route=\/wp\/v2\/posts\/1695\/revisions\/1696"}],"wp:featuredmedia":[{"embeddable":true,"href":"https:\/\/www.foodmagazine.ma\/index.php?rest_route=\/wp\/v2\/media\/1671"}],"wp:attachment":[{"href":"https:\/\/www.foodmagazine.ma\/index.php?rest_route=%2Fwp%2Fv2%2Fmedia&parent=1695"}],"wp:term":[{"taxonomy":"category","embeddable":true,"href":"https:\/\/www.foodmagazine.ma\/index.php?rest_route=%2Fwp%2Fv2%2Fcategories&post=1695"},{"taxonomy":"post_tag","embeddable":true,"href":"https:\/\/www.foodmagazine.ma\/index.php?rest_route=%2Fwp%2Fv2%2Ftags&post=1695"}],"curies":[{"name":"wp","href":"https:\/\/api.w.org\/{rel}","templated":true}]}}