{"id":1711,"date":"2020-04-20T12:28:36","date_gmt":"2020-04-20T12:28:36","guid":{"rendered":"http:\/\/www.foodmagazine.ma\/?p=1711"},"modified":"2020-04-20T12:28:37","modified_gmt":"2020-04-20T12:28:37","slug":"la-federation-du-commerce-et-services-lance-linitiative-business-solidaire","status":"publish","type":"post","link":"https:\/\/www.foodmagazine.ma\/?p=1711","title":{"rendered":"La F\u00e9d\u00e9ration du Commerce et Services lance l\u2019initiative \u00ab Business solidaire \u00bb"},"content":{"rendered":"\n<figure class=\"wp-block-image size-large\"><img loading=\"lazy\" decoding=\"async\" width=\"1000\" height=\"593\" src=\"https:\/\/www.foodmagazine.ma\/wp-content\/uploads\/2020\/04\/200417-FCS-I-Lancement-Business-Solidaire.jpg\" alt=\"\" class=\"wp-image-1712\" srcset=\"https:\/\/www.foodmagazine.ma\/wp-content\/uploads\/2020\/04\/200417-FCS-I-Lancement-Business-Solidaire.jpg 1000w, https:\/\/www.foodmagazine.ma\/wp-content\/uploads\/2020\/04\/200417-FCS-I-Lancement-Business-Solidaire-300x178.jpg 300w, https:\/\/www.foodmagazine.ma\/wp-content\/uploads\/2020\/04\/200417-FCS-I-Lancement-Business-Solidaire-768x455.jpg 768w\" sizes=\"auto, (max-width: 1000px) 100vw, 1000px\" \/><\/figure>\n\n\n\n<p>Suite \u00e0 un sondage r\u00e9alis\u00e9 aupr\u00e8s de ses membres pour mesurer l&#8217;impact de la crise du Covid-19 sur leur activit\u00e9, la F\u00e9d\u00e9ration du Commerce et Services (FCS) de la CGEM lance la nouvelle initiative \u00ab Business solidaire \u00bb.<\/p>\n\n\n\n<p>Cette action de soutien et de solidarit\u00e9 entre les adh\u00e9rents \u00e0 la f\u00e9d\u00e9ration sera g\u00e9r\u00e9e \u00e0 travers une plateforme qui fera office de vitrine, et o\u00f9 chaque entreprise pourra pr\u00e9senter son offre \u00e0 un tarif optimis\u00e9, ou \u00e0 titre gracieux pour les membres souhaitant gagner en visibilit\u00e9, indique la FCS dans un communiqu\u00e9.<\/p>\n\n\n\n<p>L\u2019op\u00e9ration permettra ainsi aux membres de la F\u00e9d\u00e9ration de b\u00e9n\u00e9ficier de certaines prestations \u00e0 des prix r\u00e9duits, outre d\u2019avoir une visibilit\u00e9 sur un chiffre d&#8217;affaires \u00e9ventuel afin de pr\u00e9server leur viabilit\u00e9 et leurs emplois. \u00ab <em>Business Solidaire vise ainsi \u00e0 promouvoir la survie des PME membres de notre f\u00e9d\u00e9ration, sans oublier l\u2019\u00e9lan de solidarit\u00e9 inter-membres relatif aux d\u00e9lais de paiement<\/em> \u00bb, explique Bouchra Outaghani, Pr\u00e9sidente de la FCS, qui compte plus de 1.960 membres et 62 associations professionnelles.<\/p>\n\n\n\n<p>Par ailleurs, les r\u00e9sultats pr\u00e9liminaires du sondage montrent que 92,1% des entreprises participantes consid\u00e8rent que l&#8217;impact du Covid-19 est \u00e9lev\u00e9 sur leur activit\u00e9. En effet, 64% estiment avoir subi, en 3 semaines, une baisse de chiffre d&#8217;affaires variant entre 30 \u00e0 70%, tandis que 24,3% sont en arr\u00eat d&#8217;activit\u00e9. \u00c0 ce jour, 72,6% ont recouru aux mesures d&#8217;aide propos\u00e9es par la CNSS, et 57,4% se sont orient\u00e9es vers les mesures propos\u00e9es par la DGI.<\/p>\n\n\n\n<p>S&#8217;exprimant sur l\u2019apr\u00e8s-coronavirus, 45,4% affirment n&#8217;avoir aucune visibilit\u00e9 sur le niveau de l&#8217;activit\u00e9 en 2021 comparativement \u00e0 2019, tandis que 34,4% estiment que le niveau de l&#8217;activit\u00e9 serait inf\u00e9rieur \u00e0 celui enregistr\u00e9 en 2019. Enfin, 37,5% estiment que la reprise de l&#8217;activit\u00e9 normale n\u00e9cessite 6 mois \u00e0 partir de la lev\u00e9e du confinement, et 36,9% pensent que la reprise ne se fera qu&#8217;apr\u00e8s un an.<\/p>\n","protected":false},"excerpt":{"rendered":"<p>Suite \u00e0 un sondage r\u00e9alis\u00e9 aupr\u00e8s de ses membres pour mesurer l&#8217;impact de la crise du Covid-19 sur leur activit\u00e9, la F\u00e9d\u00e9ration du Commerce et Services (FCS) de la CGEM lance la nouvelle initiative \u00ab Business solidaire \u00bb. Cette action de soutien et de solidarit\u00e9 entre les adh\u00e9rents \u00e0 la f\u00e9d\u00e9ration sera g\u00e9r\u00e9e \u00e0 travers &hellip;<\/p>\n","protected":false},"author":1,"featured_media":1712,"comment_status":"open","ping_status":"closed","sticky":false,"template":"","format":"standard","meta":{"footnotes":""},"categories":[6,2],"tags":[],"class_list":["post-1711","post","type-post","status-publish","format-standard","has-post-thumbnail","","category-a-la-une","category-actus-maroc"],"aioseo_notices":[],"_links":{"self":[{"href":"https:\/\/www.foodmagazine.ma\/index.php?rest_route=\/wp\/v2\/posts\/1711","targetHints":{"allow":["GET"]}}],"collection":[{"href":"https:\/\/www.foodmagazine.ma\/index.php?rest_route=\/wp\/v2\/posts"}],"about":[{"href":"https:\/\/www.foodmagazine.ma\/index.php?rest_route=\/wp\/v2\/types\/post"}],"author":[{"embeddable":true,"href":"https:\/\/www.foodmagazine.ma\/index.php?rest_route=\/wp\/v2\/users\/1"}],"replies":[{"embeddable":true,"href":"https:\/\/www.foodmagazine.ma\/index.php?rest_route=%2Fwp%2Fv2%2Fcomments&post=1711"}],"version-history":[{"count":1,"href":"https:\/\/www.foodmagazine.ma\/index.php?rest_route=\/wp\/v2\/posts\/1711\/revisions"}],"predecessor-version":[{"id":1713,"href":"https:\/\/www.foodmagazine.ma\/index.php?rest_route=\/wp\/v2\/posts\/1711\/revisions\/1713"}],"wp:featuredmedia":[{"embeddable":true,"href":"https:\/\/www.foodmagazine.ma\/index.php?rest_route=\/wp\/v2\/media\/1712"}],"wp:attachment":[{"href":"https:\/\/www.foodmagazine.ma\/index.php?rest_route=%2Fwp%2Fv2%2Fmedia&parent=1711"}],"wp:term":[{"taxonomy":"category","embeddable":true,"href":"https:\/\/www.foodmagazine.ma\/index.php?rest_route=%2Fwp%2Fv2%2Fcategories&post=1711"},{"taxonomy":"post_tag","embeddable":true,"href":"https:\/\/www.foodmagazine.ma\/index.php?rest_route=%2Fwp%2Fv2%2Ftags&post=1711"}],"curies":[{"name":"wp","href":"https:\/\/api.w.org\/{rel}","templated":true}]}}