{"id":1799,"date":"2020-04-24T14:13:57","date_gmt":"2020-04-24T14:13:57","guid":{"rendered":"http:\/\/www.foodmagazine.ma\/?p=1799"},"modified":"2020-04-24T14:13:58","modified_gmt":"2020-04-24T14:13:58","slug":"ana-jay-de-centrale-danone-une-solution-de-livraison-a-domicile-pour-aider-les-epiciers","status":"publish","type":"post","link":"https:\/\/www.foodmagazine.ma\/?p=1799","title":{"rendered":"\u00ab Ana Jay \u00bb de Centrale Danone : une solution de livraison \u00e0 domicile pour aider les \u00e9piciers"},"content":{"rendered":"\n<figure class=\"wp-block-image size-large\"><img loading=\"lazy\" decoding=\"async\" width=\"1000\" height=\"587\" src=\"https:\/\/www.foodmagazine.ma\/wp-content\/uploads\/2020\/04\/logo-ana-jay-sans-ombre.jpg\" alt=\"\" class=\"wp-image-1800\" srcset=\"https:\/\/www.foodmagazine.ma\/wp-content\/uploads\/2020\/04\/logo-ana-jay-sans-ombre.jpg 1000w, https:\/\/www.foodmagazine.ma\/wp-content\/uploads\/2020\/04\/logo-ana-jay-sans-ombre-300x176.jpg 300w, https:\/\/www.foodmagazine.ma\/wp-content\/uploads\/2020\/04\/logo-ana-jay-sans-ombre-768x451.jpg 768w\" sizes=\"auto, (max-width: 1000px) 100vw, 1000px\" \/><\/figure>\n\n\n\n<p>Dans le contexte du confinement actuel co\u00efncidant avec le Ramadan, Centrale Danone lance \u00ab Ana Jay \u00bb, une solution qui permet \u00e0 l\u2019\u00e9picier de prot\u00e9ger son revenu et \u00e0 la population de faire ses courses tout en restant en s\u00e9curit\u00e9 chez elle. \u00ab <em>Le confinement a fait chuter le trafic dans les \u00e9piceries, affectant leurs revenus alors qu\u2019elles sont en premi\u00e8re ligne dans l\u2019alimentation des Marocains, en raison de leur capillarit\u00e9 historique dans le pays. La livraison \u00e0 domicile est pour l\u2019instant capt\u00e9e par les enseignes modernes de distribution \u00e0 travers internet et les applications mobiles. Les \u00e9piceries ne b\u00e9n\u00e9ficient pas de cette nouvelle ouverture du march\u00e9. Par ailleurs, beaucoup de Marocains n\u2019ont pas toujours la possibilit\u00e9 d\u2019utiliser ces nouveaux services existants de livraison \u00e0 domicile, pour plusieurs raisons comme l\u2019indisponibilit\u00e9 de la connexion internet ou la difficult\u00e9 de les utiliser, contrairement \u00e0 l\u2019\u00e9picier du quartier que l&#8217;on peut solliciter sur un simple coup de \ufb01l<\/em> \u00bb, explique Centrale Danone.<\/p>\n\n\n\n<p>Dans ce cadre, Centrale Danone va former les \u00e9piciers sur les gestes barri\u00e8res en les dotant d\u2019un kit de protection comprenant casques visi\u00e8res, gels hydroalcooliques et flacons spray d\u00e9sinfectants. De plus, l\u2019\u00e9picier aura droit \u00e0 un mat\u00e9riel de publicit\u00e9 \u00e0 personnaliser (posters, \ufb02yers, carnets de commande) a\ufb01n de faire conna\u00eetre le service aupr\u00e8s des habitants du quartier. Il sera aussi dot\u00e9 d\u2019outils de livraison (sacs de course, chariots \u00e0 roulette, sacs banane) ainsi que de petits cadeaux destin\u00e9s \u00e0 sa client\u00e8le (jeux et dessins pour enfants).<\/p>\n\n\n\n<p>Ce kit est remis gracieusement et sans contrepartie par Centrale Danone. Il a pour but d\u2019aider l\u2019\u00e9picier \u00e0 d\u00e9marrer le service de livraison \u00e0 domicile de mani\u00e8re structur\u00e9e, professionnelle et respectant toutes les consignes d\u2019hygi\u00e8ne.<\/p>\n\n\n\n<p>Apr\u00e8s une phase de lancement, le service de livraison \u00e0 domicile de proximit\u00e9, \u00ab Ana Jay \u00bb, est appel\u00e9 \u00e0 \u00eatre d\u00e9ploy\u00e9 au niveau de l\u2019ensemble des \u00e9piceries desservies par Centrale Danone.<\/p>\n\n\n\n<figure class=\"wp-block-image size-large\"><img loading=\"lazy\" decoding=\"async\" width=\"709\" height=\"500\" src=\"https:\/\/www.foodmagazine.ma\/wp-content\/uploads\/2020\/04\/POSTER-Ana-Jay.jpg\" alt=\"\" class=\"wp-image-1801\" srcset=\"https:\/\/www.foodmagazine.ma\/wp-content\/uploads\/2020\/04\/POSTER-Ana-Jay.jpg 709w, https:\/\/www.foodmagazine.ma\/wp-content\/uploads\/2020\/04\/POSTER-Ana-Jay-300x212.jpg 300w\" sizes=\"auto, (max-width: 709px) 100vw, 709px\" \/><\/figure>\n","protected":false},"excerpt":{"rendered":"<p>Dans le contexte du confinement actuel co\u00efncidant avec le Ramadan, Centrale Danone lance \u00ab Ana Jay \u00bb, une solution qui permet \u00e0 l\u2019\u00e9picier de prot\u00e9ger son revenu et \u00e0 la population de faire ses courses tout en restant en s\u00e9curit\u00e9 chez elle. \u00ab Le confinement a fait chuter le trafic dans les \u00e9piceries, affectant leurs &hellip;<\/p>\n","protected":false},"author":1,"featured_media":1800,"comment_status":"open","ping_status":"closed","sticky":false,"template":"","format":"standard","meta":{"footnotes":""},"categories":[6,2],"tags":[],"class_list":["post-1799","post","type-post","status-publish","format-standard","has-post-thumbnail","","category-a-la-une","category-actus-maroc"],"aioseo_notices":[],"_links":{"self":[{"href":"https:\/\/www.foodmagazine.ma\/index.php?rest_route=\/wp\/v2\/posts\/1799","targetHints":{"allow":["GET"]}}],"collection":[{"href":"https:\/\/www.foodmagazine.ma\/index.php?rest_route=\/wp\/v2\/posts"}],"about":[{"href":"https:\/\/www.foodmagazine.ma\/index.php?rest_route=\/wp\/v2\/types\/post"}],"author":[{"embeddable":true,"href":"https:\/\/www.foodmagazine.ma\/index.php?rest_route=\/wp\/v2\/users\/1"}],"replies":[{"embeddable":true,"href":"https:\/\/www.foodmagazine.ma\/index.php?rest_route=%2Fwp%2Fv2%2Fcomments&post=1799"}],"version-history":[{"count":1,"href":"https:\/\/www.foodmagazine.ma\/index.php?rest_route=\/wp\/v2\/posts\/1799\/revisions"}],"predecessor-version":[{"id":1802,"href":"https:\/\/www.foodmagazine.ma\/index.php?rest_route=\/wp\/v2\/posts\/1799\/revisions\/1802"}],"wp:featuredmedia":[{"embeddable":true,"href":"https:\/\/www.foodmagazine.ma\/index.php?rest_route=\/wp\/v2\/media\/1800"}],"wp:attachment":[{"href":"https:\/\/www.foodmagazine.ma\/index.php?rest_route=%2Fwp%2Fv2%2Fmedia&parent=1799"}],"wp:term":[{"taxonomy":"category","embeddable":true,"href":"https:\/\/www.foodmagazine.ma\/index.php?rest_route=%2Fwp%2Fv2%2Fcategories&post=1799"},{"taxonomy":"post_tag","embeddable":true,"href":"https:\/\/www.foodmagazine.ma\/index.php?rest_route=%2Fwp%2Fv2%2Ftags&post=1799"}],"curies":[{"name":"wp","href":"https:\/\/api.w.org\/{rel}","templated":true}]}}