{"id":1832,"date":"2020-04-27T11:53:08","date_gmt":"2020-04-27T11:53:08","guid":{"rendered":"http:\/\/www.foodmagazine.ma\/?p=1832"},"modified":"2020-04-27T11:53:10","modified_gmt":"2020-04-27T11:53:10","slug":"exportations-marocaines-lasmex-et-la-smaex-adaptent-la-couverture-de-risque-pays-au-contexte-du-covid-19","status":"publish","type":"post","link":"https:\/\/www.foodmagazine.ma\/?p=1832","title":{"rendered":"Exportations marocaines : l\u2019ASMEX et la SMAEX adaptent la couverture de risque pays au contexte du Covid-19"},"content":{"rendered":"\n<figure class=\"wp-block-image size-large\"><img loading=\"lazy\" decoding=\"async\" width=\"1000\" height=\"488\" src=\"https:\/\/www.foodmagazine.ma\/wp-content\/uploads\/2020\/04\/WhatsApp-Image-2020-04-27-at-10.09.jpg\" alt=\"\" class=\"wp-image-1833\" srcset=\"https:\/\/www.foodmagazine.ma\/wp-content\/uploads\/2020\/04\/WhatsApp-Image-2020-04-27-at-10.09.jpg 1000w, https:\/\/www.foodmagazine.ma\/wp-content\/uploads\/2020\/04\/WhatsApp-Image-2020-04-27-at-10.09-300x146.jpg 300w, https:\/\/www.foodmagazine.ma\/wp-content\/uploads\/2020\/04\/WhatsApp-Image-2020-04-27-at-10.09-768x375.jpg 768w\" sizes=\"auto, (max-width: 1000px) 100vw, 1000px\" \/><\/figure>\n\n\n\n<p>Dans le cadre de son cycle de visio-conf\u00e9rences, l\u2019Association Marocaine des Exportateurs (ASMEX) a re\u00e7u, le 22 avril, Ahmed Hajoub, Pr\u00e9sident Directeur G\u00e9n\u00e9ral de la Soci\u00e9t\u00e9 Marocaine d\u2019Assurance \u00e0 l\u2019Exportation (SMAEX). Ainsi, la probl\u00e9matique de couverture de risque a \u00e9t\u00e9 pos\u00e9e avec acuit\u00e9 dans ce contexte difficile de pand\u00e9mie de Covid-19. \u00ab <em>Il est important de commencer \u00e0 pr\u00e9parer l\u2019apr\u00e8s-Covid, qui sera compl\u00e8tement diff\u00e9rent de l\u2019avant-Covid et particuli\u00e8rement difficile. Les pr\u00e9visions actuelles ne permettent pas encore d\u2019anticiper les taux de croissance de l\u2019\u00e9conomie mondiale. Les hypoth\u00e8ses changent toutes les 24 heures, la crise \u00e9conomique n\u2019est pas encore d\u00e9clench\u00e9e et la crise financi\u00e8re serait plus grave<\/em> \u00bb, pr\u00e9vient M. Hajoub.<\/p>\n\n\n\n<p>Durant la r\u00e9union, le PDG de la SMAEX a r\u00e9pondu aux questions des exportateurs et a annonc\u00e9 que dans le contexte actuel, il a \u00e9t\u00e9 d\u00e9cid\u00e9 de baisser le d\u00e9lai de remboursement des entreprises exportatrices ayant subi des pertes durant les derni\u00e8res semaines. Le d\u00e9lai passe ainsi de 6 \u00e0 3 mois maximum dans l\u2019objectif d\u2019all\u00e9ger l\u2019impact de la situation actuelle sur la tr\u00e9sorerie des entreprises les plus fragilis\u00e9es. D\u2019autres mesures sp\u00e9cifiques ont \u00e9galement \u00e9t\u00e9 d\u00e9cid\u00e9es dans le cadre de l\u2019all\u00e8gement des restrictions : r\u00e9visions \u00e0 la baisse des d\u00e9lais de remboursement, prorogation du d\u00e9lai de d\u00e9claration du chiffre d\u2019affaires de 15 \u00e0 30 jours, prorogation des \u00e9ch\u00e9ances \u00e0 2 mois au lieu de 1 mois, et augmentation du d\u00e9lai de d\u00e9claration du sinistre de 30 \u00e0 60 jours avec possibilit\u00e9 de rallonge.<\/p>\n\n\n\n<p>\u00c0 l\u2019issue de cette r\u00e9union, et \u00e0 la demande des exportateurs, l\u2019ASMEX a appel\u00e9 \u00e0 une r\u00e9vision des polices d\u2019assurance puisque les entreprises exportatrices marocaines se trouvent confront\u00e9es \u00e0 la faiblesse du montant de prime d\u2019assurance, qui ne correspond pas toujours \u00e0 la valeur des transactions. Enfin, le PDG de la SMAEX a souhait\u00e9 une r\u00e9activation de la ligne d\u2019assurance publique compl\u00e9mentaire \u00e0 l\u2019assurance-cr\u00e9dit accord\u00e9e par les assurances.<\/p>\n","protected":false},"excerpt":{"rendered":"<p>Dans le cadre de son cycle de visio-conf\u00e9rences, l\u2019Association Marocaine des Exportateurs (ASMEX) a re\u00e7u, le 22 avril, Ahmed Hajoub, Pr\u00e9sident Directeur G\u00e9n\u00e9ral de la Soci\u00e9t\u00e9 Marocaine d\u2019Assurance \u00e0 l\u2019Exportation (SMAEX). Ainsi, la probl\u00e9matique de couverture de risque a \u00e9t\u00e9 pos\u00e9e avec acuit\u00e9 dans ce contexte difficile de pand\u00e9mie de Covid-19. \u00ab Il est important &hellip;<\/p>\n","protected":false},"author":1,"featured_media":1833,"comment_status":"open","ping_status":"closed","sticky":false,"template":"","format":"standard","meta":{"footnotes":""},"categories":[6,2],"tags":[],"class_list":["post-1832","post","type-post","status-publish","format-standard","has-post-thumbnail","","category-a-la-une","category-actus-maroc"],"aioseo_notices":[],"_links":{"self":[{"href":"https:\/\/www.foodmagazine.ma\/index.php?rest_route=\/wp\/v2\/posts\/1832","targetHints":{"allow":["GET"]}}],"collection":[{"href":"https:\/\/www.foodmagazine.ma\/index.php?rest_route=\/wp\/v2\/posts"}],"about":[{"href":"https:\/\/www.foodmagazine.ma\/index.php?rest_route=\/wp\/v2\/types\/post"}],"author":[{"embeddable":true,"href":"https:\/\/www.foodmagazine.ma\/index.php?rest_route=\/wp\/v2\/users\/1"}],"replies":[{"embeddable":true,"href":"https:\/\/www.foodmagazine.ma\/index.php?rest_route=%2Fwp%2Fv2%2Fcomments&post=1832"}],"version-history":[{"count":1,"href":"https:\/\/www.foodmagazine.ma\/index.php?rest_route=\/wp\/v2\/posts\/1832\/revisions"}],"predecessor-version":[{"id":1834,"href":"https:\/\/www.foodmagazine.ma\/index.php?rest_route=\/wp\/v2\/posts\/1832\/revisions\/1834"}],"wp:featuredmedia":[{"embeddable":true,"href":"https:\/\/www.foodmagazine.ma\/index.php?rest_route=\/wp\/v2\/media\/1833"}],"wp:attachment":[{"href":"https:\/\/www.foodmagazine.ma\/index.php?rest_route=%2Fwp%2Fv2%2Fmedia&parent=1832"}],"wp:term":[{"taxonomy":"category","embeddable":true,"href":"https:\/\/www.foodmagazine.ma\/index.php?rest_route=%2Fwp%2Fv2%2Fcategories&post=1832"},{"taxonomy":"post_tag","embeddable":true,"href":"https:\/\/www.foodmagazine.ma\/index.php?rest_route=%2Fwp%2Fv2%2Ftags&post=1832"}],"curies":[{"name":"wp","href":"https:\/\/api.w.org\/{rel}","templated":true}]}}