{"id":1850,"date":"2020-04-27T12:26:27","date_gmt":"2020-04-27T12:26:27","guid":{"rendered":"http:\/\/www.foodmagazine.ma\/?p=1850"},"modified":"2020-04-27T13:45:56","modified_gmt":"2020-04-27T13:45:56","slug":"oeufs-de-consommation-lanpo-rassure-que-loffre-depasse-la-demande-durant-le-ramadan","status":"publish","type":"post","link":"https:\/\/www.foodmagazine.ma\/?p=1850","title":{"rendered":"\u0152ufs de consommation : l\u2019ANPO rassure que l\u2019offre d\u00e9passe la demande durant le Ramadan"},"content":{"rendered":"\n<figure class=\"wp-block-image size-large\"><img loading=\"lazy\" decoding=\"async\" width=\"1000\" height=\"656\" src=\"https:\/\/www.foodmagazine.ma\/wp-content\/uploads\/2020\/04\/oeufs-en-boite.jpg\" alt=\"\" class=\"wp-image-1851\" srcset=\"https:\/\/www.foodmagazine.ma\/wp-content\/uploads\/2020\/04\/oeufs-en-boite.jpg 1000w, https:\/\/www.foodmagazine.ma\/wp-content\/uploads\/2020\/04\/oeufs-en-boite-300x197.jpg 300w, https:\/\/www.foodmagazine.ma\/wp-content\/uploads\/2020\/04\/oeufs-en-boite-768x504.jpg 768w\" sizes=\"auto, (max-width: 1000px) 100vw, 1000px\" \/><\/figure>\n\n\n\n<p>Dans le cadre de l\u2019\u00e9tat d\u2019urgence sanitaire, l\u2019Association Nationale des Producteurs d\u2019\u0152ufs de consommation (ANPO), affili\u00e9e \u00e0 la F\u00e9d\u00e9ration Interprofessionnelle du Secteur Avicole au Maroc (FISA), rassure les consommateurs par rapport \u00e0 l\u2019approvisionnement des march\u00e9s nationaux en \u0153ufs de consommation qui se poursuit r\u00e9guli\u00e8rement et en continu pendant le mois sacr\u00e9 de Ramadan, ainsi que pendant les mois \u00e0 venir, notant que l\u2019offre d\u00e9passe la demande.<\/p>\n\n\n\n<p>L\u2019ANPO explique que c\u2019est gr\u00e2ce aux efforts consentis par les producteurs pour fournir des \u0153ufs de consommation en quantit\u00e9 suffisante que l\u2019offre actuelle couvre largement les besoins nationaux \u00e0 des prix inf\u00e9rieurs aux co\u00fbts de production avant la crise, et ce malgr\u00e9 les surco\u00fbts de production qui l\u2019ont dict\u00e9.<\/p>\n\n\n\n<p>Les nouveaux d\u00e9fis li\u00e9s \u00e0 la situation actuelle (le renforcement des exigences de s\u00e9curit\u00e9 sanitaire, les nouvelles proc\u00e9dures de transfert d\u2019argent et de logistique, ainsi que les difficult\u00e9s \u00e0 limiter le nombre de v\u00e9hicules de transport entre les fermes et les centres de consommation) ont \u00e9t\u00e9 surmont\u00e9es par les producteurs, en partenariat avec les grossistes, qui ont d\u00e9montr\u00e9 le respect de leurs engagements envers le consommateur marocain.<\/p>\n\n\n\n<p>L\u2019association a \u00e9galement invit\u00e9 tous ses membres \u00e0 poursuivre leurs efforts, et fournir des \u0153ufs pour la consommation interne afin d\u2019assurer une distribution harmonieuse en pleine conformit\u00e9 avec les conditions de sant\u00e9 et de s\u00e9curit\u00e9 mises en place dans ces circonstances exceptionnelles.<\/p>\n","protected":false},"excerpt":{"rendered":"<p>Dans le cadre de l\u2019\u00e9tat d\u2019urgence sanitaire, l\u2019Association Nationale des Producteurs d\u2019\u0152ufs de consommation (ANPO), affili\u00e9e \u00e0 la F\u00e9d\u00e9ration Interprofessionnelle du Secteur Avicole au Maroc (FISA), rassure les consommateurs par rapport \u00e0 l\u2019approvisionnement des march\u00e9s nationaux en \u0153ufs de consommation qui se poursuit r\u00e9guli\u00e8rement et en continu pendant le mois sacr\u00e9 de Ramadan, ainsi que &hellip;<\/p>\n","protected":false},"author":1,"featured_media":1851,"comment_status":"open","ping_status":"closed","sticky":false,"template":"","format":"standard","meta":{"footnotes":""},"categories":[6,2],"tags":[],"class_list":["post-1850","post","type-post","status-publish","format-standard","has-post-thumbnail","","category-a-la-une","category-actus-maroc"],"aioseo_notices":[],"_links":{"self":[{"href":"https:\/\/www.foodmagazine.ma\/index.php?rest_route=\/wp\/v2\/posts\/1850","targetHints":{"allow":["GET"]}}],"collection":[{"href":"https:\/\/www.foodmagazine.ma\/index.php?rest_route=\/wp\/v2\/posts"}],"about":[{"href":"https:\/\/www.foodmagazine.ma\/index.php?rest_route=\/wp\/v2\/types\/post"}],"author":[{"embeddable":true,"href":"https:\/\/www.foodmagazine.ma\/index.php?rest_route=\/wp\/v2\/users\/1"}],"replies":[{"embeddable":true,"href":"https:\/\/www.foodmagazine.ma\/index.php?rest_route=%2Fwp%2Fv2%2Fcomments&post=1850"}],"version-history":[{"count":4,"href":"https:\/\/www.foodmagazine.ma\/index.php?rest_route=\/wp\/v2\/posts\/1850\/revisions"}],"predecessor-version":[{"id":1860,"href":"https:\/\/www.foodmagazine.ma\/index.php?rest_route=\/wp\/v2\/posts\/1850\/revisions\/1860"}],"wp:featuredmedia":[{"embeddable":true,"href":"https:\/\/www.foodmagazine.ma\/index.php?rest_route=\/wp\/v2\/media\/1851"}],"wp:attachment":[{"href":"https:\/\/www.foodmagazine.ma\/index.php?rest_route=%2Fwp%2Fv2%2Fmedia&parent=1850"}],"wp:term":[{"taxonomy":"category","embeddable":true,"href":"https:\/\/www.foodmagazine.ma\/index.php?rest_route=%2Fwp%2Fv2%2Fcategories&post=1850"},{"taxonomy":"post_tag","embeddable":true,"href":"https:\/\/www.foodmagazine.ma\/index.php?rest_route=%2Fwp%2Fv2%2Ftags&post=1850"}],"curies":[{"name":"wp","href":"https:\/\/api.w.org\/{rel}","templated":true}]}}