{"id":1883,"date":"2020-04-29T12:32:08","date_gmt":"2020-04-29T12:32:08","guid":{"rendered":"http:\/\/www.foodmagazine.ma\/?p=1883"},"modified":"2020-04-29T12:32:09","modified_gmt":"2020-04-29T12:32:09","slug":"projet-diaf-pour-lagriculture-biologique-lancement-dun-bulletin-dinformation-periodique-pour-renforcer-la-communication","status":"publish","type":"post","link":"https:\/\/www.foodmagazine.ma\/?p=1883","title":{"rendered":"Projet DIAF pour l\u2019agriculture biologique : lancement d\u2019un bulletin d\u2019information p\u00e9riodique pour renforcer la communication"},"content":{"rendered":"\n<figure class=\"wp-block-image size-large\"><img loading=\"lazy\" decoding=\"async\" width=\"1000\" height=\"667\" src=\"https:\/\/www.foodmagazine.ma\/wp-content\/uploads\/2020\/04\/Image-par-Michael-Schwarzenberger-de-Pixabay.jpg\" alt=\"\" class=\"wp-image-1884\" srcset=\"https:\/\/www.foodmagazine.ma\/wp-content\/uploads\/2020\/04\/Image-par-Michael-Schwarzenberger-de-Pixabay.jpg 1000w, https:\/\/www.foodmagazine.ma\/wp-content\/uploads\/2020\/04\/Image-par-Michael-Schwarzenberger-de-Pixabay-300x200.jpg 300w, https:\/\/www.foodmagazine.ma\/wp-content\/uploads\/2020\/04\/Image-par-Michael-Schwarzenberger-de-Pixabay-768x512.jpg 768w\" sizes=\"auto, (max-width: 1000px) 100vw, 1000px\" \/><figcaption>\u00a9Michael Schwarzenberger-Pixabay<\/figcaption><\/figure>\n\n\n\n<p>Dans le but de renforcer la communication entre les acteurs du secteur des productions biologiques, et de cr\u00e9er une plateforme d\u2019\u00e9change et de partage des informations, l\u2019\u00e9quipe du DIAF\/C1 (Dialogue Technique Agricole et Forestier\/ agriculture biologique) propose un bulletin d\u2019informations qui sera produit p\u00e9riodiquement. Ainsi, le contenu aura pour vocation premi\u00e8re l\u2019information et le renseignement sur un des sujets qui int\u00e9resse les acteurs, sur les actualit\u00e9s sur la production biologique, ainsi que sur les \u00e9v\u00e8nements organis\u00e9s de part et d\u2019autre sur l\u2019agriculture biologique. Il permettra enfin de communiquer les principaux ach\u00e8vements du projet DIAF\/C1. Ce bulletin s\u2019adresse qu\u2019aux multiplicateurs et acteurs cl\u00e9s de la fili\u00e8re et n\u2019est pas destin\u00e9 au grand public.<\/p>\n\n\n\n<p>Pour sa premi\u00e8re publication, le bulletin tenait \u00e0 pr\u00e9senter le projet DIAF dans le cadre de sa 1\u00e8re composante, l\u2019agriculture biologique, visant \u00e0 la fois une compr\u00e9hension des conditions-cadres pour un secteur biologique durablement organis\u00e9 et la disposition d\u2019une feuille de route, une adaptation de l\u2019arsenal juridique, avec les objectifs de la feuille de route, ainsi qu\u2019un d\u00e9veloppement d\u2019une strat\u00e9gie de march\u00e9s pour les produits biologiques. De plus, le bulletin a pr\u00e9sent\u00e9 quelques informations et publications. Il s\u2019agit du projet \u00ab Strategies for organic and low-input farming to mitigate and adapt to climate change (SOLMACC) \u00bb, du mouvement biologique et de l&#8217;International Biocontrol Manufacturers Association (IBMA), ainsi que de la plateforme \u00ab Organic Farm Knowledge \u00bb et de la soci\u00e9t\u00e9 Senior Experten Service (SES).<\/p>\n\n\n\n<p>Par ailleurs, outre la section des \u00e9v\u00e8nements \u00e0 venir, la note d\u2019information a abord\u00e9 un certain nombre de sujets sp\u00e9cifiques, dont la certification de groupe et la digitalisation, le kit de formation publi\u00e9 par l\u2019IFOAM &#8211; Organics International et, revient, enfin, sur l\u2019annulation du Salon International de l\u2019Agriculture du Maroc (SIAM). \u00ab <em>Afin de prendre en compte le th\u00e8me actuel du salon \u2013 innovation par la digitalisation &#8211; nous aimerions souligner les possibilit\u00e9s et les chances de la num\u00e9risation dans le secteur biologique. La digitalisation offre dans la certification de groupe \u00e9galement la possibilit\u00e9 de simplifier le processus de certification et de renforcer l&#8217;int\u00e9grit\u00e9 des produits. Cette ann\u00e9e, des exemples ont \u00e9t\u00e9 pr\u00e9sent\u00e9s lors du salon BIOFACH en Allemagne, ces pr\u00e9sentations sont accessibles sur youtube dans le site <a href=\"https:\/\/www.youtube.com\/watch?v=XnAZWHv69K4 et https:\/\/www.youtube.com\/watch?v=ZKoDqlOyGxE\" target=\"_blank\" aria-label=\"https:\/\/www.youtube.com\/watch?v=XnAZWHv69K4 et https:\/\/www.youtube.com\/watch?v=ZKoDqlOyGxE (opens in a new tab)\" rel=\"noreferrer noopener\" class=\"aioseop-link\">https:\/\/www.youtube.com\/watch?v=XnAZWHv69K4 et https:\/\/www.youtube.com\/watch?v=ZKoDqlOyGxE<\/a><\/em> \u00bb, indique le bulletin.<\/p>\n","protected":false},"excerpt":{"rendered":"<p>\u00a9Michael Schwarzenberger-Pixabay Dans le but de renforcer la communication entre les acteurs du secteur des productions biologiques, et de cr\u00e9er une plateforme d\u2019\u00e9change et de partage des informations, l\u2019\u00e9quipe du DIAF\/C1 (Dialogue Technique Agricole et Forestier\/ agriculture biologique) propose un bulletin d\u2019informations qui sera produit p\u00e9riodiquement. Ainsi, le contenu aura pour vocation premi\u00e8re l\u2019information et &hellip;<\/p>\n","protected":false},"author":1,"featured_media":1884,"comment_status":"open","ping_status":"closed","sticky":false,"template":"","format":"standard","meta":{"footnotes":""},"categories":[6,2],"tags":[],"class_list":["post-1883","post","type-post","status-publish","format-standard","has-post-thumbnail","","category-a-la-une","category-actus-maroc"],"aioseo_notices":[],"_links":{"self":[{"href":"https:\/\/www.foodmagazine.ma\/index.php?rest_route=\/wp\/v2\/posts\/1883","targetHints":{"allow":["GET"]}}],"collection":[{"href":"https:\/\/www.foodmagazine.ma\/index.php?rest_route=\/wp\/v2\/posts"}],"about":[{"href":"https:\/\/www.foodmagazine.ma\/index.php?rest_route=\/wp\/v2\/types\/post"}],"author":[{"embeddable":true,"href":"https:\/\/www.foodmagazine.ma\/index.php?rest_route=\/wp\/v2\/users\/1"}],"replies":[{"embeddable":true,"href":"https:\/\/www.foodmagazine.ma\/index.php?rest_route=%2Fwp%2Fv2%2Fcomments&post=1883"}],"version-history":[{"count":1,"href":"https:\/\/www.foodmagazine.ma\/index.php?rest_route=\/wp\/v2\/posts\/1883\/revisions"}],"predecessor-version":[{"id":1885,"href":"https:\/\/www.foodmagazine.ma\/index.php?rest_route=\/wp\/v2\/posts\/1883\/revisions\/1885"}],"wp:featuredmedia":[{"embeddable":true,"href":"https:\/\/www.foodmagazine.ma\/index.php?rest_route=\/wp\/v2\/media\/1884"}],"wp:attachment":[{"href":"https:\/\/www.foodmagazine.ma\/index.php?rest_route=%2Fwp%2Fv2%2Fmedia&parent=1883"}],"wp:term":[{"taxonomy":"category","embeddable":true,"href":"https:\/\/www.foodmagazine.ma\/index.php?rest_route=%2Fwp%2Fv2%2Fcategories&post=1883"},{"taxonomy":"post_tag","embeddable":true,"href":"https:\/\/www.foodmagazine.ma\/index.php?rest_route=%2Fwp%2Fv2%2Ftags&post=1883"}],"curies":[{"name":"wp","href":"https:\/\/api.w.org\/{rel}","templated":true}]}}