{"id":1914,"date":"2020-05-04T12:35:52","date_gmt":"2020-05-04T12:35:52","guid":{"rendered":"http:\/\/www.foodmagazine.ma\/?p=1914"},"modified":"2020-05-04T12:35:53","modified_gmt":"2020-05-04T12:35:53","slug":"6eme-reunion-du-cve-lancement-de-travaux-pour-la-mise-au-point-dun-plan-de-relance-integre-et-coherent-de-leconomie-nationale","status":"publish","type":"post","link":"https:\/\/www.foodmagazine.ma\/?p=1914","title":{"rendered":"6\u00e8me r\u00e9union du CVE : lancement de travaux pour la mise au point d\u2019un plan de relance int\u00e9gr\u00e9 et coh\u00e9rent de l\u2019\u00e9conomie nationale"},"content":{"rendered":"\n<figure class=\"wp-block-image size-large\"><img loading=\"lazy\" decoding=\"async\" width=\"1000\" height=\"667\" src=\"https:\/\/www.foodmagazine.ma\/wp-content\/uploads\/2020\/05\/Photo-de-Burak-K-provenant-de-Pexels.jpg\" alt=\"\" class=\"wp-image-1910\" srcset=\"https:\/\/www.foodmagazine.ma\/wp-content\/uploads\/2020\/05\/Photo-de-Burak-K-provenant-de-Pexels.jpg 1000w, https:\/\/www.foodmagazine.ma\/wp-content\/uploads\/2020\/05\/Photo-de-Burak-K-provenant-de-Pexels-300x200.jpg 300w, https:\/\/www.foodmagazine.ma\/wp-content\/uploads\/2020\/05\/Photo-de-Burak-K-provenant-de-Pexels-768x512.jpg 768w\" sizes=\"auto, (max-width: 1000px) 100vw, 1000px\" \/><figcaption>\u00a9<em>Burak\u00a0K provenant de Pexels<\/em><\/figcaption><\/figure>\n\n\n\n<p>Le Comit\u00e9 de Veille \u00c9conomique (CVE) a tenu le 29 avril dernier sa sixi\u00e8me r\u00e9union et a lanc\u00e9 les travaux afin de mettre au point un plan de relance int\u00e9gr\u00e9 et coh\u00e9rent de l\u2019\u00e9conomie nationale. Ce plan s\u2019appuiera sur des plans de relance sectoriels, en tenant compte de la phase de red\u00e9marrage propre \u00e0 chacun de ces secteurs, selon ses sp\u00e9cificit\u00e9s. \u00c0 ce titre, les membres du CVE ont act\u00e9 les principes fondateurs du plan global et les m\u00e9canismes transverses d\u2019appui \u00e0 la relance y aff\u00e9rents.<\/p>\n\n\n\n<p>Le prochain CVE examinera particuli\u00e8rement des solutions de financement \u00e0 long terme, adaptables \u00e0 chaque secteur, pour soutenir la reprise des grandes entreprises, assortie d\u2019une r\u00e9duction des d\u00e9lais de paiement, et pour appuyer le red\u00e9marrage des PME et TPE op\u00e9rant dans les diff\u00e9rents secteurs d\u2019activit\u00e9. Des dispositifs de stimulation de la demande seront \u00e9galement discut\u00e9s dans les prochains CVE, avec une attention particuli\u00e8re \u00e0 la promotion du contenu local.<\/p>\n\n\n\n<p>Les membres du Comit\u00e9 ont \u00e9galement convenu du format et du contenu des plans sectoriels qui devraient \u00eatre modul\u00e9s en fonction des sp\u00e9cificit\u00e9s intrins\u00e8ques de chaque secteur. Il convient de souligner que ces plans de relance sectoriels, une fois finalis\u00e9s, seront soumis \u00e0 l\u2019appr\u00e9ciation du CVE pour consolidation et mise en coh\u00e9rence dans le cadre d&#8217;un plan de relance global qui sera communiqu\u00e9 avant la fin de l\u2019\u00e9tat d\u2019urgence sanitaire.<\/p>\n\n\n\n<p>Par ailleurs, cette r\u00e9union du CVE a \u00e9t\u00e9 \u00e9galement l\u2019occasion d\u2019approfondir le d\u00e9bat sur plusieurs questions \u00e0 port\u00e9e l\u00e9gislative, soulev\u00e9es lors des derniers comit\u00e9s. Ainsi, il a \u00e9t\u00e9 d\u00e9cid\u00e9 que l\u2019ensemble des probl\u00e9matiques identifi\u00e9es soient prises en charge dans le prochain projet de loi de Finances rectificative, dont l\u2019\u00e9laboration d\u00e9pend du sc\u00e9nario macro-\u00e9conomique \u00e0 retenir. L\u2019option finale est tributaire, d\u2019une part de l\u2019\u00e9volution de la conjoncture internationale sur les plans \u00e9conomique et sanitaire, et d\u2019autre part du plan de d\u00e9confinement progressif qui sera d\u00e9ploy\u00e9 \u00e0 l\u2019\u00e9chelle nationale.<\/p>\n\n\n\n<p>Prenant en compte l\u2019adoption du d\u00e9cret \u00e9dictant les nouvelles conditions d\u2019acc\u00e8s aux mesures exceptionnelles en faveur des employeurs affili\u00e9s \u00e0 la CNSS et de leurs employ\u00e9s d\u00e9clar\u00e9s, il a \u00e9t\u00e9 proc\u00e9d\u00e9 \u00e0 la mise en place de la Commission charg\u00e9e de statuer sur les dossiers des entreprises ayant d\u00e9clar\u00e9 plus de 500 employ\u00e9s en arr\u00eat provisoire du travail ou enregistrant une baisse de leur chiffre d\u2019affaires entre 25 et 50%. Cette commission, constitu\u00e9e des repr\u00e9sentants des d\u00e9partements charg\u00e9s de l\u2019\u00e9conomie et des finances, du travail et des secteurs concern\u00e9s, et de la CGEM, se r\u00e9unira chaque jour \u00e0 14 h pour statuer sur les dossiers d\u00e9clar\u00e9s au niveau du portail d\u00e9di\u00e9 de la CNSS le jour pr\u00e9c\u00e9dent.<\/p>\n\n\n\n<p>\u00c0 noter que le prochain comit\u00e9 se tiendra le 8 mai 2020 \u00e0 14H.<\/p>\n","protected":false},"excerpt":{"rendered":"<p>\u00a9Burak\u00a0K provenant de Pexels Le Comit\u00e9 de Veille \u00c9conomique (CVE) a tenu le 29 avril dernier sa sixi\u00e8me r\u00e9union et a lanc\u00e9 les travaux afin de mettre au point un plan de relance int\u00e9gr\u00e9 et coh\u00e9rent de l\u2019\u00e9conomie nationale. Ce plan s\u2019appuiera sur des plans de relance sectoriels, en tenant compte de la phase de &hellip;<\/p>\n","protected":false},"author":1,"featured_media":1910,"comment_status":"open","ping_status":"closed","sticky":false,"template":"","format":"standard","meta":{"footnotes":""},"categories":[6,2],"tags":[],"class_list":["post-1914","post","type-post","status-publish","format-standard","has-post-thumbnail","","category-a-la-une","category-actus-maroc"],"aioseo_notices":[],"_links":{"self":[{"href":"https:\/\/www.foodmagazine.ma\/index.php?rest_route=\/wp\/v2\/posts\/1914","targetHints":{"allow":["GET"]}}],"collection":[{"href":"https:\/\/www.foodmagazine.ma\/index.php?rest_route=\/wp\/v2\/posts"}],"about":[{"href":"https:\/\/www.foodmagazine.ma\/index.php?rest_route=\/wp\/v2\/types\/post"}],"author":[{"embeddable":true,"href":"https:\/\/www.foodmagazine.ma\/index.php?rest_route=\/wp\/v2\/users\/1"}],"replies":[{"embeddable":true,"href":"https:\/\/www.foodmagazine.ma\/index.php?rest_route=%2Fwp%2Fv2%2Fcomments&post=1914"}],"version-history":[{"count":1,"href":"https:\/\/www.foodmagazine.ma\/index.php?rest_route=\/wp\/v2\/posts\/1914\/revisions"}],"predecessor-version":[{"id":1915,"href":"https:\/\/www.foodmagazine.ma\/index.php?rest_route=\/wp\/v2\/posts\/1914\/revisions\/1915"}],"wp:featuredmedia":[{"embeddable":true,"href":"https:\/\/www.foodmagazine.ma\/index.php?rest_route=\/wp\/v2\/media\/1910"}],"wp:attachment":[{"href":"https:\/\/www.foodmagazine.ma\/index.php?rest_route=%2Fwp%2Fv2%2Fmedia&parent=1914"}],"wp:term":[{"taxonomy":"category","embeddable":true,"href":"https:\/\/www.foodmagazine.ma\/index.php?rest_route=%2Fwp%2Fv2%2Fcategories&post=1914"},{"taxonomy":"post_tag","embeddable":true,"href":"https:\/\/www.foodmagazine.ma\/index.php?rest_route=%2Fwp%2Fv2%2Ftags&post=1914"}],"curies":[{"name":"wp","href":"https:\/\/api.w.org\/{rel}","templated":true}]}}