{"id":1929,"date":"2020-05-04T12:55:21","date_gmt":"2020-05-04T12:55:21","guid":{"rendered":"http:\/\/www.foodmagazine.ma\/?p=1929"},"modified":"2020-05-04T12:55:22","modified_gmt":"2020-05-04T12:55:22","slug":"aquaculture-lancement-virtuel-dun-projet-dappui-au-developpement-des-metiers-du-secteur","status":"publish","type":"post","link":"https:\/\/www.foodmagazine.ma\/?p=1929","title":{"rendered":"Aquaculture : lancement virtuel d\u2019un projet d\u2019appui au d\u00e9veloppement des m\u00e9tiers du secteur"},"content":{"rendered":"\n<figure class=\"wp-block-image size-large\"><img loading=\"lazy\" decoding=\"async\" width=\"800\" height=\"537\" src=\"https:\/\/www.foodmagazine.ma\/wp-content\/uploads\/2020\/05\/DSC_8970_0.jpg\" alt=\"\" class=\"wp-image-1906\" srcset=\"https:\/\/www.foodmagazine.ma\/wp-content\/uploads\/2020\/05\/DSC_8970_0.jpg 800w, https:\/\/www.foodmagazine.ma\/wp-content\/uploads\/2020\/05\/DSC_8970_0-300x201.jpg 300w, https:\/\/www.foodmagazine.ma\/wp-content\/uploads\/2020\/05\/DSC_8970_0-768x516.jpg 768w, https:\/\/www.foodmagazine.ma\/wp-content\/uploads\/2020\/05\/DSC_8970_0-110x75.jpg 110w\" sizes=\"auto, (max-width: 800px) 100vw, 800px\" \/><\/figure>\n\n\n\n<p>Le 30 avril 2020, le D\u00e9partement de la P\u00eache Maritime du Minist\u00e8re de l\u2019Agriculture, de la P\u00eache Maritime, du D\u00e9veloppement Rural et des Eaux et For\u00eats (MAPMDREF), l\u2019Agence Nationale pour le D\u00e9veloppement de l\u2019Aquaculture (ANDA), et l\u2019Organisation des Nations Unies pour l\u2019Alimentation et l\u2019Agriculture (FAO), avec le soutien du Royaume de Norv\u00e8ge et du Royaume des Pays Bas, ont cr\u00e9\u00e9 l\u2019\u00e9v\u00e8nement avec le lancement virtuel d\u2019un projet d\u2019appui au d\u00e9veloppement des m\u00e9tiers d\u2019aquaculture au Maroc de 2,5 millions de dollars.<\/p>\n\n\n\n<p>En raison des mesures restrictives adopt\u00e9es par le Royaume du Maroc dans le cadre de la lutte contre la propagation du Covid-19, les diff\u00e9rents partenaires impliqu\u00e9s dans le Projet de renforcement des capacit\u00e9s en aquaculture au Maroc ont proc\u00e9d\u00e9 \u00e0 ce lancement par visioconf\u00e9rence. Cet \u00e9v\u00e8nement marque d\u2019une pierre blanche le d\u00e9marrage d\u2019un projet innovant qui a pour objectif de renforcer le secteur de l\u2019aquaculture au Maroc \u00e0 travers le d\u00e9veloppement des comp\u00e9tences techniques n\u00e9cessaires \u00e0 la production et la promotion des investissements dans le secteur.<\/p>\n\n\n\n<p>N\u00e9 d\u2019un partenariat entre le D\u00e9partement de la P\u00eache maritime du MAPMDREF, l\u2019ANDA, la FAO et les ambassades de Norv\u00e8ge et des Pays-Bas au Maroc, ce projet d\u2019un montant de 2,5 millions de dollars vise \u00e0 r\u00e9pondre \u00e0 une demande croissante d\u2019assistance technique de la part des op\u00e9rateurs aquacoles et \u00e0 d\u00e9velopper une main d\u2019\u0153uvre qualifi\u00e9e pour la conduite des \u00e9levages pr\u00e9vus au large de l\u2019Atlantique et de la M\u00e9diterran\u00e9e.<\/p>\n\n\n\n<p>\u00c0 terme, le projet pr\u00e9voit l\u2019installation d\u2019une station de d\u00e9monstration\/formation pour la production de poissons et la conchyliculture au large de Sidi Ifni \u00e0 travers un partenariat public-priv\u00e9. Cette station servira de base pratique pour la formation de formateurs, ouvriers sp\u00e9cialis\u00e9s et ouvriers qualifi\u00e9s dans tous les m\u00e9tiers de l\u2019aquaculture et sera conjugu\u00e9e \u00e0 des formations th\u00e9oriques dans le Centre de Qualification Professionnelle Maritime (CQPM) de Sidi Ifni.<\/p>\n\n\n\n<p>Le projet pr\u00e9voit \u00e9galement le d\u00e9veloppement de modules de formation pour les techniciens sp\u00e9cialis\u00e9s, le d\u00e9veloppement de l\u2019expertise marocaine dans le domaine de l\u2019aquaculture \u00e0 travers la mise en r\u00e9seaux des acteurs priv\u00e9s marocains avec leurs homologues internationaux et la mise en relation entre les institutions de formation\/recherche marocaines avec d\u2019autres \u00e0 l\u2019\u00e9tranger. S\u2019inscrivant \u00e9galement dans une perspective de soutien au d\u00e9veloppement du secteur aquacole en hautes eaux et de promotion de l\u2019emploi, notamment des jeunes et ainsi de frein \u00e0 la migration, le projet s\u2019appuiera sur l\u2019expertise reconnue des partenaires pour atteindre ses r\u00e9sultats.<\/p>\n\n\n\n<p>Soulignons enfin que la contribution financi\u00e8re de la Norv\u00e8ge s\u2019\u00e9l\u00e8ve \u00e0 1,65 million et celle des Pays-Bas \u00e0 0,85 million USD.<\/p>\n","protected":false},"excerpt":{"rendered":"<p>Le 30 avril 2020, le D\u00e9partement de la P\u00eache Maritime du Minist\u00e8re de l\u2019Agriculture, de la P\u00eache Maritime, du D\u00e9veloppement Rural et des Eaux et For\u00eats (MAPMDREF), l\u2019Agence Nationale pour le D\u00e9veloppement de l\u2019Aquaculture (ANDA), et l\u2019Organisation des Nations Unies pour l\u2019Alimentation et l\u2019Agriculture (FAO), avec le soutien du Royaume de Norv\u00e8ge et du Royaume &hellip;<\/p>\n","protected":false},"author":1,"featured_media":1906,"comment_status":"open","ping_status":"closed","sticky":false,"template":"","format":"standard","meta":{"footnotes":""},"categories":[6,2],"tags":[],"class_list":["post-1929","post","type-post","status-publish","format-standard","has-post-thumbnail","","category-a-la-une","category-actus-maroc"],"aioseo_notices":[],"_links":{"self":[{"href":"https:\/\/www.foodmagazine.ma\/index.php?rest_route=\/wp\/v2\/posts\/1929","targetHints":{"allow":["GET"]}}],"collection":[{"href":"https:\/\/www.foodmagazine.ma\/index.php?rest_route=\/wp\/v2\/posts"}],"about":[{"href":"https:\/\/www.foodmagazine.ma\/index.php?rest_route=\/wp\/v2\/types\/post"}],"author":[{"embeddable":true,"href":"https:\/\/www.foodmagazine.ma\/index.php?rest_route=\/wp\/v2\/users\/1"}],"replies":[{"embeddable":true,"href":"https:\/\/www.foodmagazine.ma\/index.php?rest_route=%2Fwp%2Fv2%2Fcomments&post=1929"}],"version-history":[{"count":1,"href":"https:\/\/www.foodmagazine.ma\/index.php?rest_route=\/wp\/v2\/posts\/1929\/revisions"}],"predecessor-version":[{"id":1930,"href":"https:\/\/www.foodmagazine.ma\/index.php?rest_route=\/wp\/v2\/posts\/1929\/revisions\/1930"}],"wp:featuredmedia":[{"embeddable":true,"href":"https:\/\/www.foodmagazine.ma\/index.php?rest_route=\/wp\/v2\/media\/1906"}],"wp:attachment":[{"href":"https:\/\/www.foodmagazine.ma\/index.php?rest_route=%2Fwp%2Fv2%2Fmedia&parent=1929"}],"wp:term":[{"taxonomy":"category","embeddable":true,"href":"https:\/\/www.foodmagazine.ma\/index.php?rest_route=%2Fwp%2Fv2%2Fcategories&post=1929"},{"taxonomy":"post_tag","embeddable":true,"href":"https:\/\/www.foodmagazine.ma\/index.php?rest_route=%2Fwp%2Fv2%2Ftags&post=1929"}],"curies":[{"name":"wp","href":"https:\/\/api.w.org\/{rel}","templated":true}]}}