{"id":1966,"date":"2020-05-06T14:03:21","date_gmt":"2020-05-06T14:03:21","guid":{"rendered":"http:\/\/www.foodmagazine.ma\/?p=1966"},"modified":"2020-05-06T14:04:26","modified_gmt":"2020-05-06T14:04:26","slug":"campagne-cerealiere-des-mesures-appropriees-pour-assurer-la-commercialisation-de-la-production-nationale","status":"publish","type":"post","link":"https:\/\/www.foodmagazine.ma\/?p=1966","title":{"rendered":"Campagne c\u00e9r\u00e9ali\u00e8re : des mesures appropri\u00e9es pour assurer la commercialisation de la production nationale"},"content":{"rendered":"\n<figure class=\"wp-block-image size-large\"><img loading=\"lazy\" decoding=\"async\" width=\"1000\" height=\"665\" src=\"https:\/\/www.foodmagazine.ma\/wp-content\/uploads\/2020\/05\/Image-par-uraj-tripathi-de-Pixabay.jpg\" alt=\"\" class=\"wp-image-1942\" srcset=\"https:\/\/www.foodmagazine.ma\/wp-content\/uploads\/2020\/05\/Image-par-uraj-tripathi-de-Pixabay.jpg 1000w, https:\/\/www.foodmagazine.ma\/wp-content\/uploads\/2020\/05\/Image-par-uraj-tripathi-de-Pixabay-300x200.jpg 300w, https:\/\/www.foodmagazine.ma\/wp-content\/uploads\/2020\/05\/Image-par-uraj-tripathi-de-Pixabay-768x511.jpg 768w, https:\/\/www.foodmagazine.ma\/wp-content\/uploads\/2020\/05\/Image-par-uraj-tripathi-de-Pixabay-310x205.jpg 310w\" sizes=\"auto, (max-width: 1000px) 100vw, 1000px\" \/><figcaption><em>\u00a9$uraj\u00a0tripathi\u00a0de\u00a0Pixabay<\/em><\/figcaption><\/figure>\n\n\n\n<p>Dans le cadre du suivi r\u00e9gulier et rapproch\u00e9 de d\u00e9roulement de la campagne agricole c\u00e9r\u00e9ali\u00e8re, le Ministre de l\u2019agriculture, de la p\u00eache maritime, du d\u00e9veloppement rural et des eaux et for\u00eats, a tenu une r\u00e9union par vid\u00e9oconf\u00e9rence le 20 avril dernier, avec les pr\u00e9sidents des organisations professionnelles de la fili\u00e8re c\u00e9r\u00e9ali\u00e8re. La discussion a concern\u00e9 le suivi de l\u2019approvisionnement r\u00e9gulier en c\u00e9r\u00e9ales et en farines et la commercialisation de la production nationale des c\u00e9r\u00e9ales dans de bonnes conditions.<\/p>\n\n\n\n<p>Ainsi, le gouvernement mettra en place un r\u00e9gime de commercialisation incitatif afin de favoriser la collecte de la production nationale \u00e0 des prix r\u00e9mun\u00e9rateurs au profit des producteurs de bl\u00e9 tendre au titre de la campagne agricole 2019-2020. Les mesures concernent en particulier un prix r\u00e9f\u00e9rentiel cible de280 DH\/quintal rendu moulin, pour une qualit\u00e9 standard, une subvention forfaitaire de 5,00 DH\/ql, pour les quantit\u00e9s de bl\u00e9 tendre de production nationale, acquises durant la p\u00e9riode primable allant du 1er juin au 31 juillet 2020, une prime de magasinage de 2,00 DH\/ql par quinzaine, octroy\u00e9e aux organismes stockeurs pour les quantit\u00e9s de bl\u00e9 tendre national collect\u00e9 du 1er juin au 31 juillet 2020, et enfin la reconduction du syst\u00e8me d\u2019appels d\u2019offres pour l\u2019approvisionnement des minoteries industrielles en bl\u00e9 tendre, destin\u00e9 \u00e0 la fabrication des farines subventionn\u00e9es. Les premiers appels d\u2019offres de l\u2019ann\u00e9e seront r\u00e9serv\u00e9s exclusivement \u00e0 la r\u00e9colte nationale.<\/p>\n\n\n\n<p>Par ailleurs, la suspension des droits de douane sera reconduite au-del\u00e0 du 15 juin prochain afin de maintenir le prix de revient d\u2019importation \u00e0 un niveau accessible et permettre aux importateurs d\u2019exploiter les opportunit\u00e9s du march\u00e9 mondial et garantir le renouvellement en permanence du stock pour au moins 4,5 mois des besoins de consommation. \u00c9tant entendu que les pr\u00e9visions mondiales de production de c\u00e9r\u00e9ales au titre de l\u2019exercice 2020-2021 s\u2019annoncent tr\u00e8s prometteuses.<\/p>\n","protected":false},"excerpt":{"rendered":"<p>\u00a9$uraj\u00a0tripathi\u00a0de\u00a0Pixabay Dans le cadre du suivi r\u00e9gulier et rapproch\u00e9 de d\u00e9roulement de la campagne agricole c\u00e9r\u00e9ali\u00e8re, le Ministre de l\u2019agriculture, de la p\u00eache maritime, du d\u00e9veloppement rural et des eaux et for\u00eats, a tenu une r\u00e9union par vid\u00e9oconf\u00e9rence le 20 avril dernier, avec les pr\u00e9sidents des organisations professionnelles de la fili\u00e8re c\u00e9r\u00e9ali\u00e8re. La discussion a &hellip;<\/p>\n","protected":false},"author":1,"featured_media":1942,"comment_status":"open","ping_status":"closed","sticky":false,"template":"","format":"standard","meta":{"footnotes":""},"categories":[6,2],"tags":[],"class_list":["post-1966","post","type-post","status-publish","format-standard","has-post-thumbnail","","category-a-la-une","category-actus-maroc"],"aioseo_notices":[],"_links":{"self":[{"href":"https:\/\/www.foodmagazine.ma\/index.php?rest_route=\/wp\/v2\/posts\/1966","targetHints":{"allow":["GET"]}}],"collection":[{"href":"https:\/\/www.foodmagazine.ma\/index.php?rest_route=\/wp\/v2\/posts"}],"about":[{"href":"https:\/\/www.foodmagazine.ma\/index.php?rest_route=\/wp\/v2\/types\/post"}],"author":[{"embeddable":true,"href":"https:\/\/www.foodmagazine.ma\/index.php?rest_route=\/wp\/v2\/users\/1"}],"replies":[{"embeddable":true,"href":"https:\/\/www.foodmagazine.ma\/index.php?rest_route=%2Fwp%2Fv2%2Fcomments&post=1966"}],"version-history":[{"count":2,"href":"https:\/\/www.foodmagazine.ma\/index.php?rest_route=\/wp\/v2\/posts\/1966\/revisions"}],"predecessor-version":[{"id":1968,"href":"https:\/\/www.foodmagazine.ma\/index.php?rest_route=\/wp\/v2\/posts\/1966\/revisions\/1968"}],"wp:featuredmedia":[{"embeddable":true,"href":"https:\/\/www.foodmagazine.ma\/index.php?rest_route=\/wp\/v2\/media\/1942"}],"wp:attachment":[{"href":"https:\/\/www.foodmagazine.ma\/index.php?rest_route=%2Fwp%2Fv2%2Fmedia&parent=1966"}],"wp:term":[{"taxonomy":"category","embeddable":true,"href":"https:\/\/www.foodmagazine.ma\/index.php?rest_route=%2Fwp%2Fv2%2Fcategories&post=1966"},{"taxonomy":"post_tag","embeddable":true,"href":"https:\/\/www.foodmagazine.ma\/index.php?rest_route=%2Fwp%2Fv2%2Ftags&post=1966"}],"curies":[{"name":"wp","href":"https:\/\/api.w.org\/{rel}","templated":true}]}}