{"id":2072,"date":"2020-05-15T14:36:19","date_gmt":"2020-05-15T14:36:19","guid":{"rendered":"http:\/\/www.foodmagazine.ma\/?p=2072"},"modified":"2020-05-15T14:36:21","modified_gmt":"2020-05-15T14:36:21","slug":"evenementiel-les-professionnels-tirent-eux-aussi-la-sonnette-dalarme","status":"publish","type":"post","link":"https:\/\/www.foodmagazine.ma\/?p=2072","title":{"rendered":"\u00c9v\u00e9nementiel : les professionnels tirent eux-aussi la sonnette d\u2019alarme"},"content":{"rendered":"\n<figure class=\"wp-block-image size-large\"><img loading=\"lazy\" decoding=\"async\" width=\"969\" height=\"692\" src=\"https:\/\/www.foodmagazine.ma\/wp-content\/uploads\/2020\/05\/Pres-GPPEM-001.jpg\" alt=\"\" class=\"wp-image-2065\" srcset=\"https:\/\/www.foodmagazine.ma\/wp-content\/uploads\/2020\/05\/Pres-GPPEM-001.jpg 969w, https:\/\/www.foodmagazine.ma\/wp-content\/uploads\/2020\/05\/Pres-GPPEM-001-300x214.jpg 300w, https:\/\/www.foodmagazine.ma\/wp-content\/uploads\/2020\/05\/Pres-GPPEM-001-768x548.jpg 768w\" sizes=\"auto, (max-width: 969px) 100vw, 969px\" \/><figcaption><em>Aziz Bouslamti, Pr\u00e9sident du GPPEM.<\/em><\/figcaption><\/figure>\n\n\n\n<p>L\u2019annulation de salons majeurs, comme le SIAM, et de toutes les conf\u00e9rences ou s\u00e9minaires en pr\u00e9sent\u00e9es n\u2019a pas seulement affect\u00e9 les exposants ou participants, mais surtout les prestataires de l\u2019\u00e9v\u00e9nementiel : des centaines de faillites et la perte de milliers d\u2019emplois dans cet \u00e9cosyst\u00e8me sont en jeu durant les prochains mois.<\/p>\n\n\n\n<p>D\u00e8s d\u00e9but mars, le Groupement Professionnel des Prestataires de l\u2019\u00c9v\u00e9nementiel au Maroc (GPPEM) a mis en place un ensemble de mesures pour soutenir le secteur, particuli\u00e8rement les PME\/TPE et les employ\u00e9s. Aujourd\u2019hui un plan de relance a \u00e9t\u00e9 \u00e9labor\u00e9 afin d\u2019identifier les mesures qui pourraient sauver le tissu industriel de l\u2019\u00e9v\u00e9nementiel.<\/p>\n\n\n\n<p>\u00ab <em>Il est important de souligner que les retomb\u00e9es \u00e9conomiques de l\u2019\u00e9cosyst\u00e8me de l\u2019industrie de l\u2019\u00e9v\u00e9nementiel (CA direct + induit) sont de 63 milliards de dirhams, ce qui repr\u00e9sente 5% du PIB. Avec pr\u00e8s de 5.000 entreprises et 190.000 emplois directs et indirects, l\u2019EIE (\u00c9cosyst\u00e8me de l\u2019Industrie de l\u2019\u00c9v\u00e9nementiel) doit avoir une grande place dans le plan de relance national<\/em> \u00bb, pr\u00e9cise Aziz Bouslamti, Pr\u00e9sident du GPPEM.<\/p>\n\n\n\n<p>Car aujourd\u2019hui, l\u2019avenir reste incertain ; le d\u00e9confinement sera certainement partiel et l\u2019organisation d\u2019\u00e9v\u00e9nements de tous genres semble hypoth\u00e9tique et non prioritaire. Le GPPEM a donc fait appel \u00e0 son minist\u00e8re consid\u00e9r\u00e9 de tutelle, celui de l\u2019Industrie, du Commerce et de l\u2019\u00c9conomie Verte et Num\u00e9rique pour qu\u2019il soutienne l\u2019EIE. D\u2019un autre c\u00f4t\u00e9 le Groupement lance un appel \u00e0 tous les grands donneurs d\u2019ordre publics et priv\u00e9s pour les inciter \u00e0 maintenir une partie de leurs \u00e9v\u00e9nements, suivant des conditions sanitaires \u00e0 \u00e9tablir en \u00e9troite collaboration avec les autorit\u00e9s comp\u00e9tentes, ou au moins les reporter. Enfin, le GPPEM consid\u00e8re \u00e9galement important de mettre en place des mesures qui permettront de maintenir la commande publique, qui est vitale pour la survie de l\u2019industrie \u00e9v\u00e9nementielle. Les grandes lignes du plan de relance du Groupement s\u2019articulent ainsi autour d\u2019une hypoth\u00e8se d\u00e9cisive &#8211; le maintien de la commande publique &#8211; et de 5 leviers : la commande publique ; la communication et la promotion ; le sanitaire : le fiscal et le social ; le bancaire.<\/p>\n\n\n\n<p>\u00ab <em>Nous nous attendons \u00e0 une baisse de +70% du chiffre d\u2019affaires de l\u2019EIE, entrainant une perte de pr\u00e8s de 150.000 emplois, si rien n\u2019est fait durant les prochaines semaines. En plus de l\u2019aspect socio\u00e9conomique, le Maroc risque de perdre en quelques mois ce qu\u2019il a construit en quelques d\u00e9cennies, un savoir-faire qui permet au Royaume de briller au niveau international par la promotion de la Marque Maroc et du Made in Morocco. Il ne faut pas oublier que l\u2019expertise \u00e9v\u00e9nementielle marocaine contribue de mani\u00e8re significative \u00e0 drainer des devises, elle \u00e9vite aussi de faire appel aux op\u00e9rateurs internationaux et ainsi de faire sortir ces m\u00eames devises<\/em> \u00bb, annonce Aziz Bouslamti.<\/p>\n","protected":false},"excerpt":{"rendered":"<p>Aziz Bouslamti, Pr\u00e9sident du GPPEM. L\u2019annulation de salons majeurs, comme le SIAM, et de toutes les conf\u00e9rences ou s\u00e9minaires en pr\u00e9sent\u00e9es n\u2019a pas seulement affect\u00e9 les exposants ou participants, mais surtout les prestataires de l\u2019\u00e9v\u00e9nementiel : des centaines de faillites et la perte de milliers d\u2019emplois dans cet \u00e9cosyst\u00e8me sont en jeu durant les prochains &hellip;<\/p>\n","protected":false},"author":1,"featured_media":2065,"comment_status":"open","ping_status":"closed","sticky":false,"template":"","format":"standard","meta":{"footnotes":""},"categories":[6,2],"tags":[],"class_list":["post-2072","post","type-post","status-publish","format-standard","has-post-thumbnail","","category-a-la-une","category-actus-maroc"],"aioseo_notices":[],"_links":{"self":[{"href":"https:\/\/www.foodmagazine.ma\/index.php?rest_route=\/wp\/v2\/posts\/2072","targetHints":{"allow":["GET"]}}],"collection":[{"href":"https:\/\/www.foodmagazine.ma\/index.php?rest_route=\/wp\/v2\/posts"}],"about":[{"href":"https:\/\/www.foodmagazine.ma\/index.php?rest_route=\/wp\/v2\/types\/post"}],"author":[{"embeddable":true,"href":"https:\/\/www.foodmagazine.ma\/index.php?rest_route=\/wp\/v2\/users\/1"}],"replies":[{"embeddable":true,"href":"https:\/\/www.foodmagazine.ma\/index.php?rest_route=%2Fwp%2Fv2%2Fcomments&post=2072"}],"version-history":[{"count":1,"href":"https:\/\/www.foodmagazine.ma\/index.php?rest_route=\/wp\/v2\/posts\/2072\/revisions"}],"predecessor-version":[{"id":2073,"href":"https:\/\/www.foodmagazine.ma\/index.php?rest_route=\/wp\/v2\/posts\/2072\/revisions\/2073"}],"wp:featuredmedia":[{"embeddable":true,"href":"https:\/\/www.foodmagazine.ma\/index.php?rest_route=\/wp\/v2\/media\/2065"}],"wp:attachment":[{"href":"https:\/\/www.foodmagazine.ma\/index.php?rest_route=%2Fwp%2Fv2%2Fmedia&parent=2072"}],"wp:term":[{"taxonomy":"category","embeddable":true,"href":"https:\/\/www.foodmagazine.ma\/index.php?rest_route=%2Fwp%2Fv2%2Fcategories&post=2072"},{"taxonomy":"post_tag","embeddable":true,"href":"https:\/\/www.foodmagazine.ma\/index.php?rest_route=%2Fwp%2Fv2%2Ftags&post=2072"}],"curies":[{"name":"wp","href":"https:\/\/api.w.org\/{rel}","templated":true}]}}