{"id":2106,"date":"2020-05-18T15:00:04","date_gmt":"2020-05-18T15:00:04","guid":{"rendered":"http:\/\/www.foodmagazine.ma\/?p=2106"},"modified":"2020-05-18T15:00:07","modified_gmt":"2020-05-18T15:00:07","slug":"les-doleances-des-chambres-de-commerce-et-dindustrie-entendues-par-le-ministre","status":"publish","type":"post","link":"https:\/\/www.foodmagazine.ma\/?p=2106","title":{"rendered":"Les dol\u00e9ances des Chambres de commerce et d&#8217;industrie entendues par le Ministre"},"content":{"rendered":"\n<figure class=\"wp-block-image size-large\"><img loading=\"lazy\" decoding=\"async\" width=\"1000\" height=\"587\" src=\"https:\/\/www.foodmagazine.ma\/wp-content\/uploads\/2020\/05\/fcmci.jpg\" alt=\"\" class=\"wp-image-2092\" srcset=\"https:\/\/www.foodmagazine.ma\/wp-content\/uploads\/2020\/05\/fcmci.jpg 1000w, https:\/\/www.foodmagazine.ma\/wp-content\/uploads\/2020\/05\/fcmci-300x176.jpg 300w, https:\/\/www.foodmagazine.ma\/wp-content\/uploads\/2020\/05\/fcmci-768x451.jpg 768w\" sizes=\"auto, (max-width: 1000px) 100vw, 1000px\" \/><\/figure>\n\n\n\n<p>Le 14 mai, une r\u00e9union en visioconf\u00e9rence s&#8217;est tenue entre le Ministre de l&#8217;Industrie, du Commerce, de l&#8217;Economie Verte et Num\u00e9rique, Moulay Hafid Elalamy, et le bureau de la F\u00e9d\u00e9ration des Chambres marocaines de commerce, d&#8217;industrie et de services (FCMCIS), avec la participation du Pr\u00e9sident de la F\u00e9d\u00e9ration et des Pr\u00e9sidents des Chambres r\u00e9gionales marocaines. Cette r\u00e9union fait suite aux propositions soumises au Ministre par la F\u00e9d\u00e9ration et visant l&#8217;accompagnement des secteurs \u00e9conomiques pour surmonter les effets de la crise du Covid-19.<\/p>\n\n\n\n<p>Apr\u00e8s avoir rappel\u00e9 les choix pris par le Royaume, le Ministre a remerci\u00e9 les Pr\u00e9sidents des Chambres pour leur engagement continu envers les professionnels, veillant \u00e0 transmettre leurs dol\u00e9ances et leurs visions. M. Elalamy a soulign\u00e9 la qualit\u00e9 des propositions faites par la FCMCIS et relayant les attentes des diff\u00e9rentes cat\u00e9gories des professionnels dans le commerce, l&#8217;industrie et les services.<\/p>\n\n\n\n<p>Par rapport au contenu des propositions, la discussion a notamment port\u00e9 sur certains secteurs ayant besoin d&#8217;un accompagnement plus renforc\u00e9, \u00e0 commencer par celui du commerce qui s&#8217;est accapar\u00e9 une bonne partie de cette r\u00e9union. Et pour cause : une large cat\u00e9gorie de commer\u00e7ants a \u00e9t\u00e9 consid\u00e9rablement affect\u00e9e par la fermeture totale ou partielle de ses magasins dans le cadre de l&#8217;\u00e9tat d&#8217;urgence sanitaire, qu&#8217;il s&#8217;agisse de grossistes ou de d\u00e9taillants, ainsi que des secteurs de services li\u00e9s au tourisme et aux transports.<\/p>\n\n\n\n<p>Dans ce cadre, apr\u00e8s avoir pass\u00e9 en revue les propositions de la F\u00e9d\u00e9ration, un certain nombre de leviers ont \u00e9t\u00e9 mis en avant pour soutenir les secteurs \u00e9conomiques, en particulier les plus fragiles d&#8217;entre eux :<\/p>\n\n\n\n<ul class=\"wp-block-list\"><li>Finaliser l&#8217;\u00e9laboration de la strat\u00e9gie nationale pour le d\u00e9veloppement du secteur du commerce conform\u00e9ment aux recommandations du Forum national sur le commerce qui s&#8217;est tenu \u00e0 Marrakech au cours du mois d&#8217;avril 2019.<\/li><li>Accorder une importance particuli\u00e8re aux petits commer\u00e7ants dont les entreprises ont \u00e9t\u00e9 gravement touch\u00e9es par la pand\u00e9mie et tenir compte de leurs probl\u00e8mes dans toute mesure \u00e0 venir visant l&#8217;accompagnement de leurs activit\u00e9s.<\/li><li>Constituer des comit\u00e9s r\u00e9gionaux pour soutenir et accompagner les commer\u00e7ants, les professionnels et les entreprises dans la relance de leurs activit\u00e9s.<\/li><li>Acc\u00e9l\u00e9rer la mise en place de mesures sociales au profit des professionnels, notamment la partie li\u00e9e \u00e0 la retraite et \u00e0 l&#8217;assurance maladie.<\/li><li>Accompagner la transition digitale des professionnels et leur faciliter leur acc\u00e8s aux services \u00e9lectroniques fournis par les institutions publiques.<\/li><li>Promouvoir des mesures visant \u00e0 encourager le produit national et \u00e0 soutenir la marque \u00ab Made in Morocco \u00bb, et continuer \u00e0 soutenir la comp\u00e9titivit\u00e9 du produit national.<\/li><\/ul>\n\n\n\n<p>\u00c0 la fin de la r\u00e9union, les parties se sont accord\u00e9es sur la n\u00e9cessit\u00e9 de poursuivre la coordination et la consultation sur les plans de relance des secteurs \u00e9conomiques, avec pragmatisme et objectivit\u00e9 et dans une logique qui prend en compte l&#8217;int\u00e9r\u00eat supr\u00eame du pays, place la sant\u00e9 et la s\u00e9curit\u00e9 du citoyen au premier rang des priorit\u00e9s et qui fait de l&#8217;appui aux secteurs \u00e9conomiques et de la revitalisation de l&#8217;entreprise marocaine un gage d&#8217;une bonne reprise de l&#8217;\u00e9conomie nationale sous le leadership de Sa Majest\u00e9 le Roi Mohammed VI, que Dieu L&#8217;Assiste.<\/p>\n","protected":false},"excerpt":{"rendered":"<p>Le 14 mai, une r\u00e9union en visioconf\u00e9rence s&#8217;est tenue entre le Ministre de l&#8217;Industrie, du Commerce, de l&#8217;Economie Verte et Num\u00e9rique, Moulay Hafid Elalamy, et le bureau de la F\u00e9d\u00e9ration des Chambres marocaines de commerce, d&#8217;industrie et de services (FCMCIS), avec la participation du Pr\u00e9sident de la F\u00e9d\u00e9ration et des Pr\u00e9sidents des Chambres r\u00e9gionales marocaines. &hellip;<\/p>\n","protected":false},"author":1,"featured_media":2092,"comment_status":"open","ping_status":"closed","sticky":false,"template":"","format":"standard","meta":{"footnotes":""},"categories":[6,2],"tags":[],"class_list":["post-2106","post","type-post","status-publish","format-standard","has-post-thumbnail","","category-a-la-une","category-actus-maroc"],"aioseo_notices":[],"_links":{"self":[{"href":"https:\/\/www.foodmagazine.ma\/index.php?rest_route=\/wp\/v2\/posts\/2106","targetHints":{"allow":["GET"]}}],"collection":[{"href":"https:\/\/www.foodmagazine.ma\/index.php?rest_route=\/wp\/v2\/posts"}],"about":[{"href":"https:\/\/www.foodmagazine.ma\/index.php?rest_route=\/wp\/v2\/types\/post"}],"author":[{"embeddable":true,"href":"https:\/\/www.foodmagazine.ma\/index.php?rest_route=\/wp\/v2\/users\/1"}],"replies":[{"embeddable":true,"href":"https:\/\/www.foodmagazine.ma\/index.php?rest_route=%2Fwp%2Fv2%2Fcomments&post=2106"}],"version-history":[{"count":1,"href":"https:\/\/www.foodmagazine.ma\/index.php?rest_route=\/wp\/v2\/posts\/2106\/revisions"}],"predecessor-version":[{"id":2108,"href":"https:\/\/www.foodmagazine.ma\/index.php?rest_route=\/wp\/v2\/posts\/2106\/revisions\/2108"}],"wp:featuredmedia":[{"embeddable":true,"href":"https:\/\/www.foodmagazine.ma\/index.php?rest_route=\/wp\/v2\/media\/2092"}],"wp:attachment":[{"href":"https:\/\/www.foodmagazine.ma\/index.php?rest_route=%2Fwp%2Fv2%2Fmedia&parent=2106"}],"wp:term":[{"taxonomy":"category","embeddable":true,"href":"https:\/\/www.foodmagazine.ma\/index.php?rest_route=%2Fwp%2Fv2%2Fcategories&post=2106"},{"taxonomy":"post_tag","embeddable":true,"href":"https:\/\/www.foodmagazine.ma\/index.php?rest_route=%2Fwp%2Fv2%2Ftags&post=2106"}],"curies":[{"name":"wp","href":"https:\/\/api.w.org\/{rel}","templated":true}]}}