{"id":2109,"date":"2020-05-18T15:04:00","date_gmt":"2020-05-18T15:04:00","guid":{"rendered":"http:\/\/www.foodmagazine.ma\/?p=2109"},"modified":"2020-05-18T15:04:03","modified_gmt":"2020-05-18T15:04:03","slug":"exportations-lasmex-evalue-limpact-du-covid-19-et-prepare-la-sortie-de-crise","status":"publish","type":"post","link":"https:\/\/www.foodmagazine.ma\/?p=2109","title":{"rendered":"Exportations : l\u2019ASMEX \u00e9value l\u2019impact du Covid-19 et pr\u00e9pare la sortie de crise"},"content":{"rendered":"\n<figure class=\"wp-block-image size-large\"><img loading=\"lazy\" decoding=\"async\" width=\"1000\" height=\"497\" src=\"https:\/\/www.foodmagazine.ma\/wp-content\/uploads\/2020\/05\/IMG-20200515-WA0035.jpg\" alt=\"\" class=\"wp-image-2093\" srcset=\"https:\/\/www.foodmagazine.ma\/wp-content\/uploads\/2020\/05\/IMG-20200515-WA0035.jpg 1000w, https:\/\/www.foodmagazine.ma\/wp-content\/uploads\/2020\/05\/IMG-20200515-WA0035-300x149.jpg 300w, https:\/\/www.foodmagazine.ma\/wp-content\/uploads\/2020\/05\/IMG-20200515-WA0035-768x382.jpg 768w\" sizes=\"auto, (max-width: 1000px) 100vw, 1000px\" \/><\/figure>\n\n\n\n<p>La Commission Logistique de l\u2019Association Marocaine des Exportateurs (ASMEX) a tenu, le 13 mai, une r\u00e9union en visio-conf\u00e9rence afin de d\u00e9battre des probl\u00e8mes logistiques rencontr\u00e9s par les exportateurs en cette p\u00e9riode de pand\u00e9mie et mener une r\u00e9flexion sur l\u2019apr\u00e8s-crise.<\/p>\n\n\n\n<p>Plusieurs participants ont partag\u00e9 leurs exp\u00e9riences et apport\u00e9 leurs t\u00e9moignages. \u00c0 titre d\u2019exemple, le secteur de la p\u00eache est doublement touch\u00e9 avec d\u2019une part le repos biologique du d\u00e9but de l\u2019ann\u00e9e et d\u2019autre part l\u2019impact n\u00e9gatif du virus sur l\u2019approvisionnement de la mati\u00e8re premi\u00e8re en amont. Pour sa part, le secteur agroalimentaire commence \u00e0 peine \u00e0 se stabiliser ces derni\u00e8res semaines apr\u00e8s plusieurs probl\u00e8mes li\u00e9s \u00e0 la baisse de la demande, le retard des livraisons et l\u2019annulation de plusieurs commandes. \u00ab <em>Se pr\u00e9parer pour l\u2019apr\u00e8s Covid-19 est un virage d\u00e9licat \u00e0 n\u00e9gocier. Certaines entreprises vont y arriver parce qu\u2019elles ont d\u00e9j\u00e0 anticip\u00e9 les impacts de la crise \u00e0 travers la veille et se sont adapt\u00e9es, mais d\u2019autres vont malheureusement se trouver en grande difficult\u00e9. Il est de notre devoir de les accompagner et les aider \u00e0 surmonter la crise ou plus exactement les crises li\u00e9es au Covid-19<\/em> \u00bb, affirme Abdelaziz Mantrach, Pr\u00e9sident de la Commission Logistique.<\/p>\n\n\n\n<p>Lors de ce d\u00e9bat, Hassan Sentissi El Idrissi, Pr\u00e9sident de l\u2019ASMEX, a rappel\u00e9 que les entreprises doivent se pr\u00e9parer avec la mise en place de v\u00e9ritables feuilles de route qui comprennent de nouvelles mesures de s\u00e9curit\u00e9 et d\u2019hygi\u00e8ne, mais aussi de nouvelles approches commerciales et logistiques. Enfin, les participants se sont longuement arr\u00eat\u00e9s sur le r\u00f4le jou\u00e9 par la digitalisation et le e-commerce et se sont tous accord\u00e9s \u00e0 dire qu\u2019il s\u2019agit l\u00e0 d\u2019un levier de croissance tr\u00e8s important pour l\u2019apr\u00e8s-crise.<\/p>\n","protected":false},"excerpt":{"rendered":"<p>La Commission Logistique de l\u2019Association Marocaine des Exportateurs (ASMEX) a tenu, le 13 mai, une r\u00e9union en visio-conf\u00e9rence afin de d\u00e9battre des probl\u00e8mes logistiques rencontr\u00e9s par les exportateurs en cette p\u00e9riode de pand\u00e9mie et mener une r\u00e9flexion sur l\u2019apr\u00e8s-crise. Plusieurs participants ont partag\u00e9 leurs exp\u00e9riences et apport\u00e9 leurs t\u00e9moignages. \u00c0 titre d\u2019exemple, le secteur de &hellip;<\/p>\n","protected":false},"author":1,"featured_media":2093,"comment_status":"open","ping_status":"closed","sticky":false,"template":"","format":"standard","meta":{"footnotes":""},"categories":[6,2],"tags":[],"class_list":["post-2109","post","type-post","status-publish","format-standard","has-post-thumbnail","","category-a-la-une","category-actus-maroc"],"aioseo_notices":[],"_links":{"self":[{"href":"https:\/\/www.foodmagazine.ma\/index.php?rest_route=\/wp\/v2\/posts\/2109","targetHints":{"allow":["GET"]}}],"collection":[{"href":"https:\/\/www.foodmagazine.ma\/index.php?rest_route=\/wp\/v2\/posts"}],"about":[{"href":"https:\/\/www.foodmagazine.ma\/index.php?rest_route=\/wp\/v2\/types\/post"}],"author":[{"embeddable":true,"href":"https:\/\/www.foodmagazine.ma\/index.php?rest_route=\/wp\/v2\/users\/1"}],"replies":[{"embeddable":true,"href":"https:\/\/www.foodmagazine.ma\/index.php?rest_route=%2Fwp%2Fv2%2Fcomments&post=2109"}],"version-history":[{"count":1,"href":"https:\/\/www.foodmagazine.ma\/index.php?rest_route=\/wp\/v2\/posts\/2109\/revisions"}],"predecessor-version":[{"id":2110,"href":"https:\/\/www.foodmagazine.ma\/index.php?rest_route=\/wp\/v2\/posts\/2109\/revisions\/2110"}],"wp:featuredmedia":[{"embeddable":true,"href":"https:\/\/www.foodmagazine.ma\/index.php?rest_route=\/wp\/v2\/media\/2093"}],"wp:attachment":[{"href":"https:\/\/www.foodmagazine.ma\/index.php?rest_route=%2Fwp%2Fv2%2Fmedia&parent=2109"}],"wp:term":[{"taxonomy":"category","embeddable":true,"href":"https:\/\/www.foodmagazine.ma\/index.php?rest_route=%2Fwp%2Fv2%2Fcategories&post=2109"},{"taxonomy":"post_tag","embeddable":true,"href":"https:\/\/www.foodmagazine.ma\/index.php?rest_route=%2Fwp%2Fv2%2Ftags&post=2109"}],"curies":[{"name":"wp","href":"https:\/\/api.w.org\/{rel}","templated":true}]}}