{"id":2181,"date":"2020-05-22T13:45:17","date_gmt":"2020-05-22T13:45:17","guid":{"rendered":"http:\/\/www.foodmagazine.ma\/?p=2181"},"modified":"2020-05-22T13:45:19","modified_gmt":"2020-05-22T13:45:19","slug":"comite-de-veille-economique-les-nouvelles-annonces-a-lissue-de-la-8eme-reunion","status":"publish","type":"post","link":"https:\/\/www.foodmagazine.ma\/?p=2181","title":{"rendered":"Comit\u00e9 de Veille \u00c9conomique : les nouvelles annonces \u00e0 l\u2019issue de la 8\u00e8me r\u00e9union"},"content":{"rendered":"\n<figure class=\"wp-block-image size-large\"><img loading=\"lazy\" decoding=\"async\" width=\"1000\" height=\"252\" src=\"https:\/\/www.foodmagazine.ma\/wp-content\/uploads\/2020\/05\/Tenue-de-la-huitie\u0300me-re\u0301union-du-Comite\u0301-de-Veille-Economique-\u2013-MEF-\u2013-Royaume-du-Maroc-1.jpg\" alt=\"\" class=\"wp-image-2175\" srcset=\"https:\/\/www.foodmagazine.ma\/wp-content\/uploads\/2020\/05\/Tenue-de-la-huitie\u0300me-re\u0301union-du-Comite\u0301-de-Veille-Economique-\u2013-MEF-\u2013-Royaume-du-Maroc-1.jpg 1000w, https:\/\/www.foodmagazine.ma\/wp-content\/uploads\/2020\/05\/Tenue-de-la-huitie\u0300me-re\u0301union-du-Comite\u0301-de-Veille-Economique-\u2013-MEF-\u2013-Royaume-du-Maroc-1-300x76.jpg 300w, https:\/\/www.foodmagazine.ma\/wp-content\/uploads\/2020\/05\/Tenue-de-la-huitie\u0300me-re\u0301union-du-Comite\u0301-de-Veille-Economique-\u2013-MEF-\u2013-Royaume-du-Maroc-1-768x194.jpg 768w\" sizes=\"auto, (max-width: 1000px) 100vw, 1000px\" \/><\/figure>\n\n\n\n<p>Le Comit\u00e9 de Veille \u00c9conomique (CVE) a tenu sa 8\u00e8me r\u00e9union de travail hier. \u00c0 l\u2019ordre du jour figuraient les points suivants : le point sur la mise en \u0153uvre des d\u00e9cisions prises par le CVE, la pr\u00e9sentation des nouveaux produits de garantie des cr\u00e9dits en faveur des entreprises pour la relance de l&#8217;\u00e9conomie, la synth\u00e8se des mesures propos\u00e9es par la CGEM pour la relance suite \u00e0 la consolidation des plans sectoriels et enfin la reprise des activit\u00e9s \u00e9conomiques.<\/p>\n\n\n\n<p>Lors de la r\u00e9union, le CVE a arr\u00eat\u00e9 le dispositif de garantie par l&#8217;\u00c9tat du financement de la phase de relance des entreprises post crise. Ce dispositif, qui couvre les entreprises publiques et priv\u00e9es impact\u00e9es par la pand\u00e9mie, permet de financer le besoin en fonds de roulement des entreprises avec un taux d\u2019int\u00e9r\u00eat maximum de 4%, qui repr\u00e9sente le taux directeur BAM + 200 points. Le remboursement de ces cr\u00e9dits peut s\u2019\u00e9taler sur une p\u00e9riode de sept ans avec deux ans de d\u00e9lai de gr\u00e2ce.<\/p>\n\n\n\n<p>L&#8217;objectif de ces produits de garantie est de mobiliser, au cours du second semestre 2020, les financements n\u00e9cessaires pour l&#8217;impulsion d&#8217;une dynamique \u00e9conomique qui agirait positivement sur l&#8217;emploi, sur les d\u00e9lais de paiement et pour r\u00e9tablir la confiance entre partenaires \u00e9conomiques.<\/p>\n\n\n\n<p>Deux nouveaux produits de garantie sont ainsi lanc\u00e9s :<\/p>\n\n\n\n<ul class=\"wp-block-list\"><li>\u00ab Relance TPE \u00bb : garantie de l&#8217;\u00c9tat \u00e0 hauteur de 95% pour les cr\u00e9dits de relance de l&#8217;activit\u00e9, accord\u00e9s aux TPE, commerces et artisans dont le chiffre d&#8217;affaires est inf\u00e9rieur \u00e0 10 millions DH. Ces cr\u00e9dits peuvent repr\u00e9senter 10% du chiffre d&#8217;affaires annuel ;<\/li><li>\u00ab Damane Relance \u00bb : garantie de l&#8217;\u00c9tat variant entre 80% et 90% en fonction de la taille de l&#8217;entreprise. Cette garantie couvre les cr\u00e9dits accord\u00e9s pour la relance de l&#8217;activit\u00e9 des entreprises dont le chiffre d&#8217;affaires est sup\u00e9rieur \u00e0 10 millions DH. Ces cr\u00e9dits peuvent atteindre 1 mois et demi de chiffre d&#8217;affaires pour les entreprises industrielles et un mois de chiffre d&#8217;affaires pour les autres. Afin de contribuer \u00e0 r\u00e9duire les d\u00e9lais de paiement, 50% du cr\u00e9dit doit servir au r\u00e8glement des fournisseurs. Ce produit couvre \u00e9galement les grandes entreprises dont le chiffre d&#8217;affaires est sup\u00e9rieur \u00e0 500 millions DH.<\/li><\/ul>\n\n\n\n<p>Par ailleurs, dans le but de soulager la tr\u00e9sorerie des TPME durant cette phase de red\u00e9marrage de l&#8217;\u00e9conomie, il a \u00e9t\u00e9 d\u00e9cid\u00e9 d&#8217;acc\u00e9l\u00e9rer le paiement des dettes de ces entreprises aupr\u00e8s de certains \u00e9tablissements et entreprises publics impact\u00e9s par cette pand\u00e9mie. Un nouveau m\u00e9canisme est ainsi mis en place : l\u2019\u00e9tablissement public ou l&#8217;entreprise publique arr\u00eate la liste d\u00e9taill\u00e9e des entreprises cr\u00e9anci\u00e8res devant \u00eatre pay\u00e9es ; l&#8217;\u00c9tat accorde sa garantie pour la lev\u00e9e par l&#8217;entit\u00e9 publique concern\u00e9e d&#8217;un emprunt d\u00e9di\u00e9 exclusivement au paiement desdites entreprises ; les banques accordent le cr\u00e9dit et prennent en charge directement les paiements des entreprises concern\u00e9es sur la base des informations communiqu\u00e9es par l&#8217;entit\u00e9 publique concern\u00e9e.<\/p>\n\n\n\n<p class=\"has-medium-font-size\"><strong>Reprise des activit\u00e9s \u00e9conomique apr\u00e8s l\u2019A\u00efd<\/strong><\/p>\n\n\n\n<p>S&#8217;agissant de la reprise des activit\u00e9s \u00e9conomiques apr\u00e8s l&#8217;A\u00efd, les membres du CVE ont insist\u00e9 sur le fait que l\u2019\u00e9tat d\u2019urgence sanitaire ne signifie nullement l\u2019arr\u00eat de l\u2019activit\u00e9 \u00e9conomique et que tous les acteurs \u00e9conomiques doivent veiller au strict respect des mesures barri\u00e8re et des conditions de s\u00e9curit\u00e9 d\u00e9clin\u00e9es dans les guides de la CGEM et des f\u00e9d\u00e9rations sectorielles. Ils ont \u00e9galement soulign\u00e9 que toutes les activit\u00e9s \u00e9conomiques pourraient red\u00e9marrer, \u00e0 l\u2019exception de celles explicitement interdites par les autorit\u00e9s administratives, sachant que les d\u00e9partements minist\u00e9riels charg\u00e9s des diff\u00e9rents secteurs veilleront en coordination avec les f\u00e9d\u00e9rations concern\u00e9es \u00e0 formaliser les r\u00e8gles \u00e0 observer par les op\u00e9rateurs et assurer une large communication \u00e0 cet effet.<\/p>\n","protected":false},"excerpt":{"rendered":"<p>Le Comit\u00e9 de Veille \u00c9conomique (CVE) a tenu sa 8\u00e8me r\u00e9union de travail hier. \u00c0 l\u2019ordre du jour figuraient les points suivants : le point sur la mise en \u0153uvre des d\u00e9cisions prises par le CVE, la pr\u00e9sentation des nouveaux produits de garantie des cr\u00e9dits en faveur des entreprises pour la relance de l&#8217;\u00e9conomie, la &hellip;<\/p>\n","protected":false},"author":1,"featured_media":2175,"comment_status":"open","ping_status":"closed","sticky":false,"template":"","format":"standard","meta":{"footnotes":""},"categories":[6,2],"tags":[],"class_list":["post-2181","post","type-post","status-publish","format-standard","has-post-thumbnail","","category-a-la-une","category-actus-maroc"],"aioseo_notices":[],"_links":{"self":[{"href":"https:\/\/www.foodmagazine.ma\/index.php?rest_route=\/wp\/v2\/posts\/2181","targetHints":{"allow":["GET"]}}],"collection":[{"href":"https:\/\/www.foodmagazine.ma\/index.php?rest_route=\/wp\/v2\/posts"}],"about":[{"href":"https:\/\/www.foodmagazine.ma\/index.php?rest_route=\/wp\/v2\/types\/post"}],"author":[{"embeddable":true,"href":"https:\/\/www.foodmagazine.ma\/index.php?rest_route=\/wp\/v2\/users\/1"}],"replies":[{"embeddable":true,"href":"https:\/\/www.foodmagazine.ma\/index.php?rest_route=%2Fwp%2Fv2%2Fcomments&post=2181"}],"version-history":[{"count":1,"href":"https:\/\/www.foodmagazine.ma\/index.php?rest_route=\/wp\/v2\/posts\/2181\/revisions"}],"predecessor-version":[{"id":2182,"href":"https:\/\/www.foodmagazine.ma\/index.php?rest_route=\/wp\/v2\/posts\/2181\/revisions\/2182"}],"wp:featuredmedia":[{"embeddable":true,"href":"https:\/\/www.foodmagazine.ma\/index.php?rest_route=\/wp\/v2\/media\/2175"}],"wp:attachment":[{"href":"https:\/\/www.foodmagazine.ma\/index.php?rest_route=%2Fwp%2Fv2%2Fmedia&parent=2181"}],"wp:term":[{"taxonomy":"category","embeddable":true,"href":"https:\/\/www.foodmagazine.ma\/index.php?rest_route=%2Fwp%2Fv2%2Fcategories&post=2181"},{"taxonomy":"post_tag","embeddable":true,"href":"https:\/\/www.foodmagazine.ma\/index.php?rest_route=%2Fwp%2Fv2%2Ftags&post=2181"}],"curies":[{"name":"wp","href":"https:\/\/api.w.org\/{rel}","templated":true}]}}