{"id":2198,"date":"2020-05-22T14:05:28","date_gmt":"2020-05-22T14:05:28","guid":{"rendered":"http:\/\/www.foodmagazine.ma\/?p=2198"},"modified":"2020-05-22T14:05:31","modified_gmt":"2020-05-22T14:05:31","slug":"gestion-du-risque-dans-les-lieux-du-travail-un-protocole-pour-accompagner-la-reprise-dactivite","status":"publish","type":"post","link":"https:\/\/www.foodmagazine.ma\/?p=2198","title":{"rendered":"Gestion du risque dans les lieux du travail : un protocole pour accompagner la reprise d\u2019activit\u00e9"},"content":{"rendered":"\n<figure class=\"wp-block-image size-large\"><img loading=\"lazy\" decoding=\"async\" width=\"1000\" height=\"673\" src=\"https:\/\/www.foodmagazine.ma\/wp-content\/uploads\/2020\/05\/La-Version-FR-Finale-2.jpg\" alt=\"\" class=\"wp-image-2173\" srcset=\"https:\/\/www.foodmagazine.ma\/wp-content\/uploads\/2020\/05\/La-Version-FR-Finale-2.jpg 1000w, https:\/\/www.foodmagazine.ma\/wp-content\/uploads\/2020\/05\/La-Version-FR-Finale-2-300x202.jpg 300w, https:\/\/www.foodmagazine.ma\/wp-content\/uploads\/2020\/05\/La-Version-FR-Finale-2-768x517.jpg 768w, https:\/\/www.foodmagazine.ma\/wp-content\/uploads\/2020\/05\/La-Version-FR-Finale-2-110x75.jpg 110w\" sizes=\"auto, (max-width: 1000px) 100vw, 1000px\" \/><\/figure>\n\n\n\n<p>Le Minist\u00e8re du travail et de l&#8217;insertion professionnelle a mis en place un protocole pour la gestion du risque de contamination au Covid-19 dans les lieux du travail. Ce protocole vise \u00e0 fournir des lignes directrices pour accompagner les entreprises dans la mise en place des mesures de pr\u00e9caution \u00e9manant des autorit\u00e9s comp\u00e9tentes pour lutter contre la propagation du virus, en vue de prot\u00e9ger la sant\u00e9 des salari\u00e9s et d\u2019assurer la continuit\u00e9 des activit\u00e9s et de l\u2019emploi.<\/p>\n\n\n\n<p>Le document s\u2019adresse aux entreprises qui continuent \u00e0 exercer leur activit\u00e9 \u00e9conomique et \u00e0 celles qui souhaitent la reprendre suite \u00e0 la lev\u00e9e du confinement. Il vient en support des guides \u00e9labor\u00e9s par d\u2019autres d\u00e9partements et autorit\u00e9s comp\u00e9tentes. Ainsi, les lignes directrices pr\u00e9conis\u00e9es par ce protocole concernent les diff\u00e9rentes mesures de sant\u00e9 et s\u00e9curit\u00e9 au travail et plus pr\u00e9cis\u00e9ment celles relatives \u00e0 la planification et l\u2019organisation du travail, l\u2019hygi\u00e8ne en milieu de travail, la restauration, le transport, l\u2019acc\u00e8s aux locaux du travail et la prise en charge des personnes symptomatiques. Ces lignes ne sont pas exhaustives et doivent \u00eatre adapt\u00e9es \u00e0 chaque lieu de travail.<\/p>\n\n\n\n<p>Selon le Minist\u00e8re, l\u2019employeur est tenu d\u2019informer et sensibiliser les salari\u00e9s sur les dispositions l\u00e9gales et les mesures concernant la pr\u00e9servation de la sant\u00e9 et de la s\u00e9curit\u00e9 au travail ainsi que chaque modification qui leur est apport\u00e9e. Les salari\u00e9s, pour leur part, ont la responsabilit\u00e9 de prendre soin de leur s\u00e9curit\u00e9 et de leur sant\u00e9 et de celles des autres personnes en lien avec le travail. Dans ce contexte, ils doivent utiliser correctement les dispositifs de s\u00e9curit\u00e9 et les \u00e9quipements de protection, respecter les gestes barri\u00e8res et informer leur employeur en cas de suspicion de contact avec le virus.<\/p>\n","protected":false},"excerpt":{"rendered":"<p>Le Minist\u00e8re du travail et de l&#8217;insertion professionnelle a mis en place un protocole pour la gestion du risque de contamination au Covid-19 dans les lieux du travail. Ce protocole vise \u00e0 fournir des lignes directrices pour accompagner les entreprises dans la mise en place des mesures de pr\u00e9caution \u00e9manant des autorit\u00e9s comp\u00e9tentes pour lutter &hellip;<\/p>\n","protected":false},"author":1,"featured_media":2173,"comment_status":"open","ping_status":"closed","sticky":false,"template":"","format":"standard","meta":{"footnotes":""},"categories":[6,2],"tags":[],"class_list":["post-2198","post","type-post","status-publish","format-standard","has-post-thumbnail","","category-a-la-une","category-actus-maroc"],"aioseo_notices":[],"_links":{"self":[{"href":"https:\/\/www.foodmagazine.ma\/index.php?rest_route=\/wp\/v2\/posts\/2198","targetHints":{"allow":["GET"]}}],"collection":[{"href":"https:\/\/www.foodmagazine.ma\/index.php?rest_route=\/wp\/v2\/posts"}],"about":[{"href":"https:\/\/www.foodmagazine.ma\/index.php?rest_route=\/wp\/v2\/types\/post"}],"author":[{"embeddable":true,"href":"https:\/\/www.foodmagazine.ma\/index.php?rest_route=\/wp\/v2\/users\/1"}],"replies":[{"embeddable":true,"href":"https:\/\/www.foodmagazine.ma\/index.php?rest_route=%2Fwp%2Fv2%2Fcomments&post=2198"}],"version-history":[{"count":1,"href":"https:\/\/www.foodmagazine.ma\/index.php?rest_route=\/wp\/v2\/posts\/2198\/revisions"}],"predecessor-version":[{"id":2199,"href":"https:\/\/www.foodmagazine.ma\/index.php?rest_route=\/wp\/v2\/posts\/2198\/revisions\/2199"}],"wp:featuredmedia":[{"embeddable":true,"href":"https:\/\/www.foodmagazine.ma\/index.php?rest_route=\/wp\/v2\/media\/2173"}],"wp:attachment":[{"href":"https:\/\/www.foodmagazine.ma\/index.php?rest_route=%2Fwp%2Fv2%2Fmedia&parent=2198"}],"wp:term":[{"taxonomy":"category","embeddable":true,"href":"https:\/\/www.foodmagazine.ma\/index.php?rest_route=%2Fwp%2Fv2%2Fcategories&post=2198"},{"taxonomy":"post_tag","embeddable":true,"href":"https:\/\/www.foodmagazine.ma\/index.php?rest_route=%2Fwp%2Fv2%2Ftags&post=2198"}],"curies":[{"name":"wp","href":"https:\/\/api.w.org\/{rel}","templated":true}]}}