{"id":2215,"date":"2020-05-29T13:14:10","date_gmt":"2020-05-29T13:14:10","guid":{"rendered":"http:\/\/www.foodmagazine.ma\/?p=2215"},"modified":"2020-05-29T13:14:13","modified_gmt":"2020-05-29T13:14:13","slug":"attijariwafa-bank-organise-une-serie-de-webinaires-sur-la-crise-du-covid-19","status":"publish","type":"post","link":"https:\/\/www.foodmagazine.ma\/?p=2215","title":{"rendered":"Attijariwafa bank organise une s\u00e9rie de webinaires sur la crise du Covid-19"},"content":{"rendered":"\n<figure class=\"wp-block-image size-large\"><img loading=\"lazy\" decoding=\"async\" width=\"1000\" height=\"492\" src=\"https:\/\/www.foodmagazine.ma\/wp-content\/uploads\/2020\/05\/Capture-AWB.jpg\" alt=\"\" class=\"wp-image-2201\" srcset=\"https:\/\/www.foodmagazine.ma\/wp-content\/uploads\/2020\/05\/Capture-AWB.jpg 1000w, https:\/\/www.foodmagazine.ma\/wp-content\/uploads\/2020\/05\/Capture-AWB-300x148.jpg 300w, https:\/\/www.foodmagazine.ma\/wp-content\/uploads\/2020\/05\/Capture-AWB-768x378.jpg 768w\" sizes=\"auto, (max-width: 1000px) 100vw, 1000px\" \/><\/figure>\n\n\n\n<p>Attijariwafa bank a organis\u00e9, en collaboration avec plusieurs partenaires, une s\u00e9rie de webinaires sur les sujets de pr\u00e9occupation des entreprises en p\u00e9riode de crise afin de les aider \u00e0 mieux d\u00e9crypter les impacts \u00e9conomiques de cette situation sanitaire. Ainsi et depuis le mois d\u2019avril, des RDV hebdomadaires, anim\u00e9s par des consultants et des experts dans leurs domaines, se sont enchain\u00e9s et ont trait\u00e9 diverses th\u00e9matiques.<\/p>\n\n\n\n<p>Sur le volet commercial et strat\u00e9gique, plusieurs axes ont \u00e9t\u00e9 abord\u00e9s, notamment la continuit\u00e9 d\u2019activit\u00e9 en temps de crise avec une organisation adapt\u00e9e, la pr\u00e9paration de la phase post crise, la cr\u00e9ation de nouvelles opportunit\u00e9s dans le cadre de ce contexte nouveau qui \u00e9merge, la s\u00e9curisation du portefeuille clients et fournisseurs, ainsi que le r\u00f4le du digital comme canal de maintien des relations avec ses partenaires.<\/p>\n\n\n\n<p>Sur le volet juridique, la continuation des relations contractuelles et la gestion des contrats des salari\u00e9s ont \u00e9t\u00e9 parmi les sujets trait\u00e9s au vu du caract\u00e8re in\u00e9dit de la situation et sa r\u00e9percussion sur les modalit\u00e9s d\u2019ex\u00e9cution des contrats et d\u2019organisation du travail.<\/p>\n\n\n\n<p>Sur le plan organisationnel et avec la tendance au t\u00e9l\u00e9travail qui s\u2019est fortement d\u00e9velopp\u00e9e suite \u00e0 l&#8217;obligation de confinement, un tour d&#8217;horizon sur la cybers\u00e9curit\u00e9, assorti de conseils pour prot\u00e9ger efficacement son espace num\u00e9rique professionnel a \u00e9t\u00e9 fait avec des experts en s\u00e9curit\u00e9 informatique. Les entreprises ont \u00e9t\u00e9 sensibilis\u00e9es sur les nouvelles menaces de la situation actuelle, qui repr\u00e9sente une aubaine pour les hackers visant les entreprises peu soucieuses des cyber-risques et de fait, totalement d\u00e9sarm\u00e9es face \u00e0 ces risques.<\/p>\n\n\n\n<p>Enfin, les mesures de soutien aux entreprises qui enregistrent des difficult\u00e9s ou un ralentissement d&#8217;activit\u00e9 dus \u00e0 cette crise ont \u00e9t\u00e9 \u00e9claircies par la banque et ses partenaires CCG et Maroc PME, notamment le report des \u00e9ch\u00e9ances des cr\u00e9dits bancaires et leasing, la mise en place d\u2019un d\u00e9couvert de tr\u00e9sorerie exceptionnel pour faire face aux charges qui ne peuvent \u00eatre ni suspendues, ni report\u00e9es et la mise en place de nouvelles lignes sp\u00e9cifiques de cr\u00e9dit pour les besoins non couverts par Damane Oxyg\u00e8ne.<\/p>\n\n\n\n<p>Tous les webinaires sont disponibles en replay sur les liens suivants :<\/p>\n\n\n\n<p>1. Continuit\u00e9 de travail en temps de crise et recours aux outils collaboratifs : <a href=\"http:\/\/bpifrance.adobeconnect.com\/px1s8jgvwojc\/\" target=\"_blank\" aria-label=\" (opens in a new tab)\" rel=\"noreferrer noopener\" class=\"aioseop-link\">http:\/\/bpifrance.adobeconnect.com\/px1s8jgvwojc\/<\/a><\/p>\n\n\n\n<p>2. Quelle strat\u00e9gie commerciale en temps de crise ? : <a href=\"http:\/\/bpifrance.adobeconnect.com\/p7wwbqljafsf\/\" target=\"_blank\" aria-label=\" (opens in a new tab)\" rel=\"noreferrer noopener\" class=\"aioseop-link\">http:\/\/bpifrance.adobeconnect.com\/p7wwbqljafsf\/<\/a><\/p>\n\n\n\n<p>3. Impact de la crise Covid-19 sur l\u2019ex\u00e9cution des contrats commerciaux et de travail : <a href=\"http:\/\/bpifrance.adobeconnect.com\/ptrgcci18scb\/\" target=\"_blank\" aria-label=\" (opens in a new tab)\" rel=\"noreferrer noopener\" class=\"aioseop-link\">http:\/\/bpifrance.adobeconnect.com\/ptrgcci18scb\/<\/a><\/p>\n\n\n\n<p>4. Cybers\u00e9curit\u00e9, un enjeu pour les entreprises en situation Covid-19 : <a href=\"http:\/\/bpifrance.adobeconnect.com\/p00mm2cyfmb0\/\" target=\"_blank\" aria-label=\" (opens in a new tab)\" rel=\"noreferrer noopener\" class=\"aioseop-link\">http:\/\/bpifrance.adobeconnect.com\/p00mm2cyfmb0\/<\/a><\/p>\n\n\n\n<p>5. Mesures d&#8217;accompagnement des entreprises dans le cadre de la crise Covid-19 : <a href=\"http:\/\/bpifrance.adobeconnect.com\/p4u2eelg7kt5\/\" target=\"_blank\" aria-label=\" (opens in a new tab)\" rel=\"noreferrer noopener\" class=\"aioseop-link\">http:\/\/bpifrance.adobeconnect.com\/p4u2eelg7kt5\/<\/a><\/p>\n","protected":false},"excerpt":{"rendered":"<p>Attijariwafa bank a organis\u00e9, en collaboration avec plusieurs partenaires, une s\u00e9rie de webinaires sur les sujets de pr\u00e9occupation des entreprises en p\u00e9riode de crise afin de les aider \u00e0 mieux d\u00e9crypter les impacts \u00e9conomiques de cette situation sanitaire. Ainsi et depuis le mois d\u2019avril, des RDV hebdomadaires, anim\u00e9s par des consultants et des experts dans &hellip;<\/p>\n","protected":false},"author":1,"featured_media":2201,"comment_status":"open","ping_status":"closed","sticky":false,"template":"","format":"standard","meta":{"footnotes":""},"categories":[6,2],"tags":[],"class_list":["post-2215","post","type-post","status-publish","format-standard","has-post-thumbnail","","category-a-la-une","category-actus-maroc"],"aioseo_notices":[],"_links":{"self":[{"href":"https:\/\/www.foodmagazine.ma\/index.php?rest_route=\/wp\/v2\/posts\/2215","targetHints":{"allow":["GET"]}}],"collection":[{"href":"https:\/\/www.foodmagazine.ma\/index.php?rest_route=\/wp\/v2\/posts"}],"about":[{"href":"https:\/\/www.foodmagazine.ma\/index.php?rest_route=\/wp\/v2\/types\/post"}],"author":[{"embeddable":true,"href":"https:\/\/www.foodmagazine.ma\/index.php?rest_route=\/wp\/v2\/users\/1"}],"replies":[{"embeddable":true,"href":"https:\/\/www.foodmagazine.ma\/index.php?rest_route=%2Fwp%2Fv2%2Fcomments&post=2215"}],"version-history":[{"count":1,"href":"https:\/\/www.foodmagazine.ma\/index.php?rest_route=\/wp\/v2\/posts\/2215\/revisions"}],"predecessor-version":[{"id":2216,"href":"https:\/\/www.foodmagazine.ma\/index.php?rest_route=\/wp\/v2\/posts\/2215\/revisions\/2216"}],"wp:featuredmedia":[{"embeddable":true,"href":"https:\/\/www.foodmagazine.ma\/index.php?rest_route=\/wp\/v2\/media\/2201"}],"wp:attachment":[{"href":"https:\/\/www.foodmagazine.ma\/index.php?rest_route=%2Fwp%2Fv2%2Fmedia&parent=2215"}],"wp:term":[{"taxonomy":"category","embeddable":true,"href":"https:\/\/www.foodmagazine.ma\/index.php?rest_route=%2Fwp%2Fv2%2Fcategories&post=2215"},{"taxonomy":"post_tag","embeddable":true,"href":"https:\/\/www.foodmagazine.ma\/index.php?rest_route=%2Fwp%2Fv2%2Ftags&post=2215"}],"curies":[{"name":"wp","href":"https:\/\/api.w.org\/{rel}","templated":true}]}}