{"id":2255,"date":"2020-06-02T11:55:01","date_gmt":"2020-06-02T10:55:01","guid":{"rendered":"http:\/\/www.foodmagazine.ma\/?p=2255"},"modified":"2020-06-16T14:25:26","modified_gmt":"2020-06-16T13:25:26","slug":"deces-de-lancien-premier-ministre-aderrahmane-youssoufi","status":"publish","type":"post","link":"https:\/\/www.foodmagazine.ma\/?p=2255","title":{"rendered":"D\u00e9c\u00e8s de l\u2019ancien Premier Ministre Aderrahmane Youssoufi"},"content":{"rendered":"\n<figure class=\"wp-block-image size-large\"><img loading=\"lazy\" decoding=\"async\" width=\"1000\" height=\"573\" src=\"https:\/\/www.foodmagazine.ma\/wp-content\/uploads\/2020\/06\/Youssoufi.jpg\" alt=\"\" class=\"wp-image-2244\" srcset=\"https:\/\/www.foodmagazine.ma\/wp-content\/uploads\/2020\/06\/Youssoufi.jpg 1000w, https:\/\/www.foodmagazine.ma\/wp-content\/uploads\/2020\/06\/Youssoufi-300x172.jpg 300w, https:\/\/www.foodmagazine.ma\/wp-content\/uploads\/2020\/06\/Youssoufi-768x440.jpg 768w\" sizes=\"auto, (max-width: 1000px) 100vw, 1000px\" \/><\/figure>\n\n\n\n<p>C\u2019est avec tristesse que nous avons appris le d\u00e9c\u00e8s de Aderrahmane Youssoufi, survenu le 29 mai dernier \u00e0 Casablanca. Une des grandes figures de la politique marocaine, l&#8217;ancien Premier Ministre d\u00e9sign\u00e9 en 1998 par le Roi Hassan II pour diriger un \u00ab gouvernement d\u2019alternance \u00bb, est d\u00e9c\u00e9d\u00e9 \u00e0 l&#8217;\u00e2ge de 96 ans.<\/p>\n\n\n\n<p>C\u00e9l\u00e8bre pour son engagement pour l&#8217;ind\u00e9pendance du Royaume, Abderrahmane Youssoufi, figure de la gauche marocaine et membre de l\u2019USFP (Union Socialiste des Forces Populaires) dont il est le premier secr\u00e9taire pendant une dizaine d\u2019ann\u00e9es jusqu\u2019au d\u00e9but des ann\u00e9es 2000, est le seul chef d&#8217;opposition du monde arabe \u00e0 avoir fait le pari de la r\u00e9forme au sein d&#8217;un gouvernement de coalition, apr\u00e8s des ann\u00e9es de lutte et d&#8217;exil.<\/p>\n\n\n\n<p>En 2016, le Roi Mohammed VI avait inaugur\u00e9 \u00e0 Tanger une avenue portant le nom du d\u00e9funt, en hommage \u00e0 son patriotisme.<\/p>\n\n\n\n<p>Plusieurs personnalit\u00e9s marocaines ont rendu hommage \u00e0 cet homme, qui a \u00ab <em>marqu\u00e9 l&#8217;histoire politique nationale<\/em> \u00bb et \u00ab <em>jou\u00e9 des r\u00f4les cl\u00e9s dans le processus de r\u00e9forme politique<\/em> \u00bb, comme l&#8217;a d\u00e9clar\u00e9 l&#8217;actuel Premier Ministre Saad-Eddine El Othmani.<\/p>\n\n\n\n<p>FOOD Magazine pr\u00e9sente \u00e0 la famille et aux proches du d\u00e9funt ses plus sinc\u00e8res condol\u00e9ances.<\/p>\n","protected":false},"excerpt":{"rendered":"<p>C\u2019est avec tristesse que nous avons appris le d\u00e9c\u00e8s de Aderrahmane Youssoufi, survenu le 29 mai dernier \u00e0 Casablanca. Une des grandes figures de la politique marocaine, l&#8217;ancien Premier Ministre d\u00e9sign\u00e9 en 1998 par le Roi Hassan II pour diriger un \u00ab gouvernement d\u2019alternance \u00bb, est d\u00e9c\u00e9d\u00e9 \u00e0 l&#8217;\u00e2ge de 96 ans. C\u00e9l\u00e8bre pour son &hellip;<\/p>\n","protected":false},"author":1,"featured_media":2244,"comment_status":"open","ping_status":"closed","sticky":false,"template":"","format":"standard","meta":{"footnotes":""},"categories":[6,2],"tags":[],"class_list":["post-2255","post","type-post","status-publish","format-standard","has-post-thumbnail","","category-a-la-une","category-actus-maroc"],"aioseo_notices":[],"_links":{"self":[{"href":"https:\/\/www.foodmagazine.ma\/index.php?rest_route=\/wp\/v2\/posts\/2255","targetHints":{"allow":["GET"]}}],"collection":[{"href":"https:\/\/www.foodmagazine.ma\/index.php?rest_route=\/wp\/v2\/posts"}],"about":[{"href":"https:\/\/www.foodmagazine.ma\/index.php?rest_route=\/wp\/v2\/types\/post"}],"author":[{"embeddable":true,"href":"https:\/\/www.foodmagazine.ma\/index.php?rest_route=\/wp\/v2\/users\/1"}],"replies":[{"embeddable":true,"href":"https:\/\/www.foodmagazine.ma\/index.php?rest_route=%2Fwp%2Fv2%2Fcomments&post=2255"}],"version-history":[{"count":2,"href":"https:\/\/www.foodmagazine.ma\/index.php?rest_route=\/wp\/v2\/posts\/2255\/revisions"}],"predecessor-version":[{"id":2381,"href":"https:\/\/www.foodmagazine.ma\/index.php?rest_route=\/wp\/v2\/posts\/2255\/revisions\/2381"}],"wp:featuredmedia":[{"embeddable":true,"href":"https:\/\/www.foodmagazine.ma\/index.php?rest_route=\/wp\/v2\/media\/2244"}],"wp:attachment":[{"href":"https:\/\/www.foodmagazine.ma\/index.php?rest_route=%2Fwp%2Fv2%2Fmedia&parent=2255"}],"wp:term":[{"taxonomy":"category","embeddable":true,"href":"https:\/\/www.foodmagazine.ma\/index.php?rest_route=%2Fwp%2Fv2%2Fcategories&post=2255"},{"taxonomy":"post_tag","embeddable":true,"href":"https:\/\/www.foodmagazine.ma\/index.php?rest_route=%2Fwp%2Fv2%2Ftags&post=2255"}],"curies":[{"name":"wp","href":"https:\/\/api.w.org\/{rel}","templated":true}]}}