{"id":2261,"date":"2020-06-02T12:03:19","date_gmt":"2020-06-02T11:03:19","guid":{"rendered":"http:\/\/www.foodmagazine.ma\/?p=2261"},"modified":"2020-06-02T12:03:23","modified_gmt":"2020-06-02T11:03:23","slug":"covid-19-mise-en-place-dun-ensemble-doutils-de-gouvernance-et-de-sensibilisation-pour-les-activites-agricoles-de-la-peche-et-de-la-transformation","status":"publish","type":"post","link":"https:\/\/www.foodmagazine.ma\/?p=2261","title":{"rendered":"Covid -19 : mise en place d\u2019un ensemble d\u2019outils de gouvernance et de sensibilisation pour les activit\u00e9s agricoles, de la p\u00eache et de la transformation"},"content":{"rendered":"\n<figure class=\"wp-block-image size-large\"><img loading=\"lazy\" decoding=\"async\" width=\"1000\" height=\"589\" src=\"https:\/\/www.foodmagazine.ma\/wp-content\/uploads\/2020\/06\/Photo5.jpg\" alt=\"\" class=\"wp-image-2240\" srcset=\"https:\/\/www.foodmagazine.ma\/wp-content\/uploads\/2020\/06\/Photo5.jpg 1000w, https:\/\/www.foodmagazine.ma\/wp-content\/uploads\/2020\/06\/Photo5-300x177.jpg 300w, https:\/\/www.foodmagazine.ma\/wp-content\/uploads\/2020\/06\/Photo5-768x452.jpg 768w\" sizes=\"auto, (max-width: 1000px) 100vw, 1000px\" \/><\/figure>\n\n\n\n<p>Le Minist\u00e8re de l\u2019Agriculture, de la P\u00eache Maritime, du D\u00e9veloppement Rural et des Eaux et For\u00eats a mis en place le 29 mai dernier un ensemble d\u2019outils de gouvernance et de sensibilisation afin de fournir des proc\u00e9dures et un cadre adapt\u00e9 aux exigences dict\u00e9es par le contexte de la crise sanitaire.<\/p>\n\n\n\n<p>Ainsi, le minist\u00e8re a annonc\u00e9 le lancement d\u2019une autre \u00e9tape de dynamisation renforc\u00e9e des activit\u00e9s des secteurs de l\u2019agriculture et de la p\u00eache. Pour rappel, ces secteurs n\u2019ont connu aucune interruption dans leurs activit\u00e9s et ont assur\u00e9 l\u2019approvisionnement r\u00e9gulier du march\u00e9.<\/p>\n\n\n\n<p>Un protocole de conduite adapt\u00e9 \u00e0 cette nouvelle phase, en respectant strictement les mesures sanitaires tout en permettant l\u2019activit\u00e9 optimale, a \u00e9t\u00e9 mis en place par la tutelle. Ce protocole comprend deux parties ayant fait l\u2019objet de cinq circulaires sign\u00e9es par le Ministre. La premi\u00e8re partie concerne les proc\u00e9dures \u00e0 adopter au niveau des exploitations agricoles, des unit\u00e9s de valorisation, de conditionnement et de transformation des produits agricoles, des unit\u00e9s de transformation et de valorisation des produits de la p\u00eache, des unit\u00e9s industrielles de la conserve de poisson et toute la cha\u00eene logistique des deux secteurs y compris le transport de personnel.<\/p>\n\n\n\n<p>La seconde partie concerne les services administratifs des d\u00e9partements de l\u2019Agriculture et de la P\u00eache, aussi bien centraux que d\u00e9concentr\u00e9s r\u00e9gionaux et provinciaux et tous les \u00e9tablissements sous-tutelle ainsi que les interfaces avec les professionnels et les visiteurs. Tout en respectant la stricte application des mesures, les services administratifs doivent adapter les outils n\u00e9cessaires pour maintenir leur performance.<\/p>\n","protected":false},"excerpt":{"rendered":"<p>Le Minist\u00e8re de l\u2019Agriculture, de la P\u00eache Maritime, du D\u00e9veloppement Rural et des Eaux et For\u00eats a mis en place le 29 mai dernier un ensemble d\u2019outils de gouvernance et de sensibilisation afin de fournir des proc\u00e9dures et un cadre adapt\u00e9 aux exigences dict\u00e9es par le contexte de la crise sanitaire. Ainsi, le minist\u00e8re a &hellip;<\/p>\n","protected":false},"author":1,"featured_media":2240,"comment_status":"open","ping_status":"closed","sticky":false,"template":"","format":"standard","meta":{"footnotes":""},"categories":[6,2],"tags":[],"class_list":["post-2261","post","type-post","status-publish","format-standard","has-post-thumbnail","","category-a-la-une","category-actus-maroc"],"aioseo_notices":[],"_links":{"self":[{"href":"https:\/\/www.foodmagazine.ma\/index.php?rest_route=\/wp\/v2\/posts\/2261","targetHints":{"allow":["GET"]}}],"collection":[{"href":"https:\/\/www.foodmagazine.ma\/index.php?rest_route=\/wp\/v2\/posts"}],"about":[{"href":"https:\/\/www.foodmagazine.ma\/index.php?rest_route=\/wp\/v2\/types\/post"}],"author":[{"embeddable":true,"href":"https:\/\/www.foodmagazine.ma\/index.php?rest_route=\/wp\/v2\/users\/1"}],"replies":[{"embeddable":true,"href":"https:\/\/www.foodmagazine.ma\/index.php?rest_route=%2Fwp%2Fv2%2Fcomments&post=2261"}],"version-history":[{"count":1,"href":"https:\/\/www.foodmagazine.ma\/index.php?rest_route=\/wp\/v2\/posts\/2261\/revisions"}],"predecessor-version":[{"id":2262,"href":"https:\/\/www.foodmagazine.ma\/index.php?rest_route=\/wp\/v2\/posts\/2261\/revisions\/2262"}],"wp:featuredmedia":[{"embeddable":true,"href":"https:\/\/www.foodmagazine.ma\/index.php?rest_route=\/wp\/v2\/media\/2240"}],"wp:attachment":[{"href":"https:\/\/www.foodmagazine.ma\/index.php?rest_route=%2Fwp%2Fv2%2Fmedia&parent=2261"}],"wp:term":[{"taxonomy":"category","embeddable":true,"href":"https:\/\/www.foodmagazine.ma\/index.php?rest_route=%2Fwp%2Fv2%2Fcategories&post=2261"},{"taxonomy":"post_tag","embeddable":true,"href":"https:\/\/www.foodmagazine.ma\/index.php?rest_route=%2Fwp%2Fv2%2Ftags&post=2261"}],"curies":[{"name":"wp","href":"https:\/\/api.w.org\/{rel}","templated":true}]}}