{"id":2315,"date":"2020-06-09T11:58:37","date_gmt":"2020-06-09T10:58:37","guid":{"rendered":"http:\/\/www.foodmagazine.ma\/?p=2315"},"modified":"2020-06-09T11:58:39","modified_gmt":"2020-06-09T10:58:39","slug":"gestion-des-risques-a-lexport-lasmex-prone-une-reprise-post-covid-19-prudente-et-efficace","status":"publish","type":"post","link":"https:\/\/www.foodmagazine.ma\/?p=2315","title":{"rendered":"Gestion des risques \u00e0 l\u2019export : l\u2019ASMEX pr\u00f4ne une reprise post-Covid 19 prudente et efficace"},"content":{"rendered":"\n<figure class=\"wp-block-image size-large\"><img loading=\"lazy\" decoding=\"async\" width=\"963\" height=\"580\" src=\"https:\/\/www.foodmagazine.ma\/wp-content\/uploads\/2020\/06\/WhatsApp-Image-2020-06-04-at-15.00.jpg\" alt=\"\" class=\"wp-image-2305\" srcset=\"https:\/\/www.foodmagazine.ma\/wp-content\/uploads\/2020\/06\/WhatsApp-Image-2020-06-04-at-15.00.jpg 963w, https:\/\/www.foodmagazine.ma\/wp-content\/uploads\/2020\/06\/WhatsApp-Image-2020-06-04-at-15.00-300x181.jpg 300w, https:\/\/www.foodmagazine.ma\/wp-content\/uploads\/2020\/06\/WhatsApp-Image-2020-06-04-at-15.00-768x463.jpg 768w\" sizes=\"auto, (max-width: 963px) 100vw, 963px\" \/><\/figure>\n\n\n\n<p>La Commission financement, assurance et veille de l\u2019Association Marocaine des Exportateurs (ASMEX) a organis\u00e9 le 4 juin une visioconf\u00e9rence sous le th\u00e8me : \u00ab Comment g\u00e9rer vos risques \u00e0 l\u2019export suite au Covid-19 pour une reprise prudente et efficace de vos activit\u00e9s \u00e0 l\u2019international ? \u00bb. Cette rencontre s\u2019inscrit dans le cadre des actions d\u2019accompagnement et de sensibilisation des membres de l\u2019ASMEX, afin de mieux g\u00e9rer cette p\u00e9riode de crise et assurer une reprise efficace de leurs activit\u00e9s \u00e0 l\u2019international. Ainsi, les intervenants ont \u00e9voqu\u00e9 les sc\u00e9narios de la reprise et les risques li\u00e9s aux exportations, les dispositifs pris face aux retards des paiements en cas de cr\u00e9ances douteuses ou en cas de cr\u00e9ances non r\u00e9cup\u00e9rables et les m\u00e9canismes de soutien financiers offerts par le CCG en faveur des entreprises impact\u00e9es par la crise. De plus, ils ont discut\u00e9 de la r\u00e9duction de l\u2019impact du Covid-19 sur le portefeuille clients \u00e0 l\u2019export, les outils dont disposent les exportateurs pour une meilleure gestion des risques li\u00e9s \u00e0 l\u2019export ou encore les outils de paiement et de financement \u00e0 l\u2019international adapt\u00e9s en cette p\u00e9riode de crise.<\/p>\n\n\n\n<p>Lors de la r\u00e9union, un \u00e9tat des lieux de l\u2019impact de la pand\u00e9mie sur le commerce ext\u00e9rieur national a \u00e9t\u00e9 dress\u00e9, mettant en \u00e9vidence une baisse alarmante entre 13% et 32% par rapport \u00e0 l\u2019ann\u00e9e derni\u00e8re. De plus, c\u2019\u00e9tait une occasion de montrer que la reprise et le d\u00e9collage des exportations post-Covid-19 d\u00e9pendent essentiellement de 2 facteurs, \u00e0 savoir l\u2019\u00e9volution de la pand\u00e9mie dans le monde entier et particuli\u00e8rement les march\u00e9s cibles et l\u2019ensemble des politiques de relance appliqu\u00e9es par les pays du tiers monde pour soutenir leurs \u00e9conomies.<\/p>\n\n\n\n<p>En termes de risques li\u00e9s \u00e0 l\u2019export, 3 points ont \u00e9t\u00e9 soulev\u00e9s en priorit\u00e9 : le risque li\u00e9 \u00e0 la demande, le risque li\u00e9 au redressement judiciaire et le risque de protectionnisme. Dans ce sens, l\u2019ASMEX invite les exportateurs marocains \u00e0 \u00eatre prudents dans le choix de leurs clients \u00e9trangers en cette p\u00e9riode de crise. Enfin, les intervenants ont \u00e9mis quelques recommandations pour la gestion des risques, dont la confirmation des moyens de paiement dans toute op\u00e9ration d\u2019export, surtout quand il s\u2019agit d\u2019un pays africain ou d\u2019un nouveau client, la couverture contre les risques de changes ainsi que l\u2019assurance-cr\u00e9dit \u00e0 l\u2019export et la bonne connaissance des clients.<\/p>\n","protected":false},"excerpt":{"rendered":"<p>La Commission financement, assurance et veille de l\u2019Association Marocaine des Exportateurs (ASMEX) a organis\u00e9 le 4 juin une visioconf\u00e9rence sous le th\u00e8me : \u00ab Comment g\u00e9rer vos risques \u00e0 l\u2019export suite au Covid-19 pour une reprise prudente et efficace de vos activit\u00e9s \u00e0 l\u2019international ? \u00bb. Cette rencontre s\u2019inscrit dans le cadre des actions d\u2019accompagnement &hellip;<\/p>\n","protected":false},"author":1,"featured_media":2305,"comment_status":"open","ping_status":"closed","sticky":false,"template":"","format":"standard","meta":{"footnotes":""},"categories":[6,2],"tags":[],"class_list":["post-2315","post","type-post","status-publish","format-standard","has-post-thumbnail","","category-a-la-une","category-actus-maroc"],"aioseo_notices":[],"_links":{"self":[{"href":"https:\/\/www.foodmagazine.ma\/index.php?rest_route=\/wp\/v2\/posts\/2315","targetHints":{"allow":["GET"]}}],"collection":[{"href":"https:\/\/www.foodmagazine.ma\/index.php?rest_route=\/wp\/v2\/posts"}],"about":[{"href":"https:\/\/www.foodmagazine.ma\/index.php?rest_route=\/wp\/v2\/types\/post"}],"author":[{"embeddable":true,"href":"https:\/\/www.foodmagazine.ma\/index.php?rest_route=\/wp\/v2\/users\/1"}],"replies":[{"embeddable":true,"href":"https:\/\/www.foodmagazine.ma\/index.php?rest_route=%2Fwp%2Fv2%2Fcomments&post=2315"}],"version-history":[{"count":1,"href":"https:\/\/www.foodmagazine.ma\/index.php?rest_route=\/wp\/v2\/posts\/2315\/revisions"}],"predecessor-version":[{"id":2316,"href":"https:\/\/www.foodmagazine.ma\/index.php?rest_route=\/wp\/v2\/posts\/2315\/revisions\/2316"}],"wp:featuredmedia":[{"embeddable":true,"href":"https:\/\/www.foodmagazine.ma\/index.php?rest_route=\/wp\/v2\/media\/2305"}],"wp:attachment":[{"href":"https:\/\/www.foodmagazine.ma\/index.php?rest_route=%2Fwp%2Fv2%2Fmedia&parent=2315"}],"wp:term":[{"taxonomy":"category","embeddable":true,"href":"https:\/\/www.foodmagazine.ma\/index.php?rest_route=%2Fwp%2Fv2%2Fcategories&post=2315"},{"taxonomy":"post_tag","embeddable":true,"href":"https:\/\/www.foodmagazine.ma\/index.php?rest_route=%2Fwp%2Fv2%2Ftags&post=2315"}],"curies":[{"name":"wp","href":"https:\/\/api.w.org\/{rel}","templated":true}]}}