{"id":2368,"date":"2020-06-16T13:05:13","date_gmt":"2020-06-16T12:05:13","guid":{"rendered":"http:\/\/www.foodmagazine.ma\/?p=2368"},"modified":"2020-06-16T13:05:15","modified_gmt":"2020-06-16T12:05:15","slug":"lapres-covid-19-en-afrique-leconomie-frugale-pour-la-relance-du-continent","status":"publish","type":"post","link":"https:\/\/www.foodmagazine.ma\/?p=2368","title":{"rendered":"L\u2019apr\u00e8s Covid-19 en Afrique : l\u2019\u00e9conomie frugale pour la relance du continent"},"content":{"rendered":"\n<figure class=\"wp-block-image size-large\"><img loading=\"lazy\" decoding=\"async\" width=\"1000\" height=\"488\" src=\"https:\/\/www.foodmagazine.ma\/wp-content\/uploads\/2020\/06\/WhatsApp-Image-2020-06-12-at-15.10.49.jpg\" alt=\"\" class=\"wp-image-2364\" srcset=\"https:\/\/www.foodmagazine.ma\/wp-content\/uploads\/2020\/06\/WhatsApp-Image-2020-06-12-at-15.10.49.jpg 1000w, https:\/\/www.foodmagazine.ma\/wp-content\/uploads\/2020\/06\/WhatsApp-Image-2020-06-12-at-15.10.49-300x146.jpg 300w, https:\/\/www.foodmagazine.ma\/wp-content\/uploads\/2020\/06\/WhatsApp-Image-2020-06-12-at-15.10.49-768x375.jpg 768w\" sizes=\"auto, (max-width: 1000px) 100vw, 1000px\" \/><\/figure>\n\n\n\n<p>Maroc Impact, association citoyenne Bottom Up \u0153uvrant pour structurer l\u2019\u00e9cosyst\u00e8me de l\u2019innovation sociale au service de l\u2019int\u00e9r\u00eat g\u00e9n\u00e9ral et du bien commun, a organis\u00e9 le 12 juin un web act sous le th\u00e8me \u00ab l\u2019innovation frugale pour l\u2019Afrique de demain \u00bb. Cette rencontre a r\u00e9uni des experts marocains et africains sp\u00e9cialis\u00e9s en \u00e9conomie sociale et en innovation frugale.<\/p>\n\n\n\n<p>Ainsi, Nadia Fettah Alaoui, Ministre du Tourisme, de l\u2019Artisanat, du Transport a\u00e9rien et de l\u2019\u00c9conomie Sociale et solidaire, a \u00e9voqu\u00e9 l\u2019importance de l\u2019\u00e9conomie sociale et solidaire pour limiter les pr\u00e9carit\u00e9s et cr\u00e9er de la richesse surtout dans le monde rural, dont les habitants sont particuli\u00e8rement impact\u00e9s par la crise. Dans un tel contexte, l\u2019innovation frugale s\u2019av\u00e8re \u00eatre un imp\u00e9ratif \u00e0 la relance \u00e9conomique et au d\u00e9veloppement social dans le continent, consid\u00e9r\u00e9 comme pionnier dans l\u2019innovation frugale surtout pendant la crise du Covid-19.<\/p>\n\n\n\n<p>De son c\u00f4t\u00e9, Aawatif Hayar, Pr\u00e9sidente de l\u2019Universit\u00e9 Hassan II de Casablanca, a expliqu\u00e9 le concept de la ville intelligente frugale et sociale qui a r\u00e9ussi gr\u00e2ce \u00e0 2 aspects : le capital humain compos\u00e9 de jeunes assoiff\u00e9s de r\u00e9ussite et la technologie omnipr\u00e9sente qui ne co\u00fbte pas cher. C\u2019est justement la notion d\u2019intelligence collective qui repr\u00e9sente pour Karim Sy, Fondateur de Jokkolabs, la voie du futur. \u00ab <em>Les Africains ont naturellement cette approche d<\/em><em>\u2019<\/em><em>impact social, elle est presque inn\u00e9e. Aujourd<\/em><em>\u2019<\/em><em>hui les nouvelles technologies et le digital en particulier permettent au continent de s<\/em><em>\u2019<\/em><em>ouvrir sur le monde et de se r\u00e9inventer<\/em> \u00bb, dit-il.<\/p>\n\n\n\n<p>Par ailleurs, la pr\u00e9sidente de Maroc Impact, Ghizlaine El Manjra, a rappel\u00e9 que l\u2019essaimage de la culture de l\u2019innovation frugale et son adoption par le secteur public et priv\u00e9 doivent se renforcer pour devenir un des piliers de la croissance \u00e9conomique et l\u2019un des \u00e9l\u00e9ments de r\u00e9ponse pour contribuer \u00e0 un choc \u00e9conomique r\u00e9g\u00e9n\u00e9ratif. \u00ab <em>En cette p\u00e9riode d<\/em><em>\u2019<\/em><em>incertitude, l<\/em><em>\u2019<\/em><em>exp<\/em><em>\u00e9rimentation et l<\/em><em>\u2019<\/em><em>op\u00e9rationnalisation de solutions concr<\/em><em>\u00e8<\/em><em>tes disruptives, des alliances coordonn\u00e9es d<\/em><em>\u2019<\/em><em>id\u00e9es et de valeurs communes centr\u00e9es sur l<\/em><em>\u2019<\/em><em>innovation frugale sont imp\u00e9ratives pour d\u00e9ployer des alliances d<\/em><em>\u2019<\/em><em>actions \u00e0 massification socio-\u00e9conomiques <\/em>\u00bb, note-t-elle.<\/p>\n","protected":false},"excerpt":{"rendered":"<p>Maroc Impact, association citoyenne Bottom Up \u0153uvrant pour structurer l\u2019\u00e9cosyst\u00e8me de l\u2019innovation sociale au service de l\u2019int\u00e9r\u00eat g\u00e9n\u00e9ral et du bien commun, a organis\u00e9 le 12 juin un web act sous le th\u00e8me \u00ab l\u2019innovation frugale pour l\u2019Afrique de demain \u00bb. Cette rencontre a r\u00e9uni des experts marocains et africains sp\u00e9cialis\u00e9s en \u00e9conomie sociale et &hellip;<\/p>\n","protected":false},"author":1,"featured_media":2364,"comment_status":"open","ping_status":"closed","sticky":false,"template":"","format":"standard","meta":{"footnotes":""},"categories":[6,2],"tags":[],"class_list":["post-2368","post","type-post","status-publish","format-standard","has-post-thumbnail","","category-a-la-une","category-actus-maroc"],"aioseo_notices":[],"_links":{"self":[{"href":"https:\/\/www.foodmagazine.ma\/index.php?rest_route=\/wp\/v2\/posts\/2368","targetHints":{"allow":["GET"]}}],"collection":[{"href":"https:\/\/www.foodmagazine.ma\/index.php?rest_route=\/wp\/v2\/posts"}],"about":[{"href":"https:\/\/www.foodmagazine.ma\/index.php?rest_route=\/wp\/v2\/types\/post"}],"author":[{"embeddable":true,"href":"https:\/\/www.foodmagazine.ma\/index.php?rest_route=\/wp\/v2\/users\/1"}],"replies":[{"embeddable":true,"href":"https:\/\/www.foodmagazine.ma\/index.php?rest_route=%2Fwp%2Fv2%2Fcomments&post=2368"}],"version-history":[{"count":1,"href":"https:\/\/www.foodmagazine.ma\/index.php?rest_route=\/wp\/v2\/posts\/2368\/revisions"}],"predecessor-version":[{"id":2369,"href":"https:\/\/www.foodmagazine.ma\/index.php?rest_route=\/wp\/v2\/posts\/2368\/revisions\/2369"}],"wp:featuredmedia":[{"embeddable":true,"href":"https:\/\/www.foodmagazine.ma\/index.php?rest_route=\/wp\/v2\/media\/2364"}],"wp:attachment":[{"href":"https:\/\/www.foodmagazine.ma\/index.php?rest_route=%2Fwp%2Fv2%2Fmedia&parent=2368"}],"wp:term":[{"taxonomy":"category","embeddable":true,"href":"https:\/\/www.foodmagazine.ma\/index.php?rest_route=%2Fwp%2Fv2%2Fcategories&post=2368"},{"taxonomy":"post_tag","embeddable":true,"href":"https:\/\/www.foodmagazine.ma\/index.php?rest_route=%2Fwp%2Fv2%2Ftags&post=2368"}],"curies":[{"name":"wp","href":"https:\/\/api.w.org\/{rel}","templated":true}]}}