{"id":2397,"date":"2020-06-19T12:16:57","date_gmt":"2020-06-19T11:16:57","guid":{"rendered":"http:\/\/www.foodmagazine.ma\/?p=2397"},"modified":"2020-06-19T12:16:59","modified_gmt":"2020-06-19T11:16:59","slug":"tempete-de-grele-dans-la-region-fes-meknes-une-serie-de-mesures-pour-les-agriculteurs-et-les-exploitations-arboricoles","status":"publish","type":"post","link":"https:\/\/www.foodmagazine.ma\/?p=2397","title":{"rendered":"Temp\u00eate de gr\u00eale dans la r\u00e9gion F\u00e8s-Mekn\u00e8s : une s\u00e9rie de mesures pour les agriculteurs et les exploitations arboricoles"},"content":{"rendered":"\n<figure class=\"wp-block-image size-large\"><img loading=\"lazy\" decoding=\"async\" width=\"1000\" height=\"667\" src=\"https:\/\/www.foodmagazine.ma\/wp-content\/uploads\/2020\/06\/Image-par-adege-de-Pixabay.jpg\" alt=\"\" class=\"wp-image-2387\" srcset=\"https:\/\/www.foodmagazine.ma\/wp-content\/uploads\/2020\/06\/Image-par-adege-de-Pixabay.jpg 1000w, https:\/\/www.foodmagazine.ma\/wp-content\/uploads\/2020\/06\/Image-par-adege-de-Pixabay-300x200.jpg 300w, https:\/\/www.foodmagazine.ma\/wp-content\/uploads\/2020\/06\/Image-par-adege-de-Pixabay-768x512.jpg 768w\" sizes=\"auto, (max-width: 1000px) 100vw, 1000px\" \/><figcaption><em>\u00a9adege &#8211; Pixabay<\/em><\/figcaption><\/figure>\n\n\n\n<p>Suite \u00e0 la violente temp\u00eate de gr\u00eale survenue le 6 juin dans la r\u00e9gion de F\u00e8s-Mekn\u00e8s et ayant caus\u00e9 d\u2019importants d\u00e9g\u00e2ts sur les cultures en place, le Minist\u00e8re de l\u2019Agriculture, de la P\u00eache Maritime, du D\u00e9veloppement Rural et des Eaux et For\u00eats a d\u00e9cid\u00e9 de la mise en place d\u2019un ensemble de mesures exclusives ciblant cette r\u00e9gion. Les mesures programm\u00e9es portent \u00e0 la fois sur des mesures imm\u00e9diates d\u2019att\u00e9nuation de l\u2019impact constat\u00e9 de cette temp\u00eate et d\u2019autres structurelles.<\/p>\n\n\n\n<p>D\u2019un c\u00f4t\u00e9, il s\u2019agit d\u2019actions portant sur la r\u00e9habilitation des cultures \u00e0 travers le remplacement des arbres arrach\u00e9s ou cass\u00e9s par l\u2019acquisition et distribution de plants au profit des agriculteurs touch\u00e9s (soit 100.000 plants). D\u2019un autre c\u00f4t\u00e9, des traitements d\u2019appui aux vergers d\u2019olivier, de rosac\u00e9es et de maraichage sont pr\u00e9vus. Il s\u2019agit de traitements par des produits cicatrisants et des produits contre les maladies fongiques et bact\u00e9riennes et les insectes pour prot\u00e9ger les blessures caus\u00e9es par les branches cass\u00e9es contre les infections.<\/p>\n\n\n\n<p>Dans le cadre d\u2019actions plus durables, le Minist\u00e8re pr\u00e9voit le renforcement et l\u2019extension du r\u00e9seau de g\u00e9n\u00e9rateurs anti-gr\u00eale \u00e0 travers le doublement de l\u2019existant par l\u2019acquisition de 70 nouveaux g\u00e9n\u00e9rateurs pour \u00e9tendre le r\u00e9seau \u00e0 la toute la zone \u00e0 risque de temp\u00eate. De plus, ayant montr\u00e9 leur efficacit\u00e9 dans la protection des vergers contre la gr\u00eale, les filets anti gr\u00eale seront davantage encourag\u00e9s, via des actions d\u2019incitations am\u00e9lior\u00e9es au profit des agriculteurs.<\/p>\n\n\n\n<p>Par ailleurs, une r\u00e9vision de l\u2019offre d\u2019assurance multirisque actuelle est programm\u00e9e, en mettant en place un produit plus pointu et plus attractif avec des conditions am\u00e9lior\u00e9es notamment pour les petits agriculteurs. Enfin, pour soulager les charges financi\u00e8res des exploitations sinistr\u00e9es, le Groupe Cr\u00e9dit Agricole du Maroc a donn\u00e9 son accord pour mettre en place des mesures adapt\u00e9es pour, d\u2019une part, reporter les \u00e9ch\u00e9ances de remboursement au profit des agriculteurs des communes sinistr\u00e9es ayant contract\u00e9 des cr\u00e9dits, et, d\u2019autre part, leur octroyer les facilit\u00e9s de financement pour la prochaine campagne agricole.<\/p>\n","protected":false},"excerpt":{"rendered":"<p>\u00a9adege &#8211; Pixabay Suite \u00e0 la violente temp\u00eate de gr\u00eale survenue le 6 juin dans la r\u00e9gion de F\u00e8s-Mekn\u00e8s et ayant caus\u00e9 d\u2019importants d\u00e9g\u00e2ts sur les cultures en place, le Minist\u00e8re de l\u2019Agriculture, de la P\u00eache Maritime, du D\u00e9veloppement Rural et des Eaux et For\u00eats a d\u00e9cid\u00e9 de la mise en place d\u2019un ensemble de &hellip;<\/p>\n","protected":false},"author":1,"featured_media":2387,"comment_status":"open","ping_status":"closed","sticky":false,"template":"","format":"standard","meta":{"footnotes":""},"categories":[6,2],"tags":[],"class_list":["post-2397","post","type-post","status-publish","format-standard","has-post-thumbnail","","category-a-la-une","category-actus-maroc"],"aioseo_notices":[],"_links":{"self":[{"href":"https:\/\/www.foodmagazine.ma\/index.php?rest_route=\/wp\/v2\/posts\/2397","targetHints":{"allow":["GET"]}}],"collection":[{"href":"https:\/\/www.foodmagazine.ma\/index.php?rest_route=\/wp\/v2\/posts"}],"about":[{"href":"https:\/\/www.foodmagazine.ma\/index.php?rest_route=\/wp\/v2\/types\/post"}],"author":[{"embeddable":true,"href":"https:\/\/www.foodmagazine.ma\/index.php?rest_route=\/wp\/v2\/users\/1"}],"replies":[{"embeddable":true,"href":"https:\/\/www.foodmagazine.ma\/index.php?rest_route=%2Fwp%2Fv2%2Fcomments&post=2397"}],"version-history":[{"count":1,"href":"https:\/\/www.foodmagazine.ma\/index.php?rest_route=\/wp\/v2\/posts\/2397\/revisions"}],"predecessor-version":[{"id":2398,"href":"https:\/\/www.foodmagazine.ma\/index.php?rest_route=\/wp\/v2\/posts\/2397\/revisions\/2398"}],"wp:featuredmedia":[{"embeddable":true,"href":"https:\/\/www.foodmagazine.ma\/index.php?rest_route=\/wp\/v2\/media\/2387"}],"wp:attachment":[{"href":"https:\/\/www.foodmagazine.ma\/index.php?rest_route=%2Fwp%2Fv2%2Fmedia&parent=2397"}],"wp:term":[{"taxonomy":"category","embeddable":true,"href":"https:\/\/www.foodmagazine.ma\/index.php?rest_route=%2Fwp%2Fv2%2Fcategories&post=2397"},{"taxonomy":"post_tag","embeddable":true,"href":"https:\/\/www.foodmagazine.ma\/index.php?rest_route=%2Fwp%2Fv2%2Ftags&post=2397"}],"curies":[{"name":"wp","href":"https:\/\/api.w.org\/{rel}","templated":true}]}}